{"id":6697,"date":"2026-04-27T13:55:35","date_gmt":"2026-04-27T13:55:35","guid":{"rendered":"https:\/\/durabilitas.ch\/?p=6697"},"modified":"2026-04-27T14:06:34","modified_gmt":"2026-04-27T14:06:34","slug":"responsable-de-programme-et-de-projet-sante-des-sols","status":"publish","type":"post","link":"https:\/\/durabilitas.ch\/fr\/themes\/autre\/responsable-de-programme-et-de-projet-sante-des-sols\/","title":{"rendered":"Responsable de programme et de projet \u00ab sant\u00e9 des sols \u00bb\u00a0"},"content":{"rendered":"\r\n<header id=\"header-block_e8558c6e650e99ede1812f9beb38c00e\" class=\"page-header has-no-image has-spacing--default\">\r\n\r\n    \r\n    <div class=\"page-header__content has-title-image--large\">\r\n\r\n        <div class=\"page-header__inner\">\r\n\r\n            <div class=\"page-header__category\">\r\n\r\n                <a href=\"https:\/\/durabilitas.ch\/fr\/category\/themes\/autre\/\">Autre<\/a>\r\n            <\/div>\r\n\r\n            <div class=\"page-header__title\">\n\n<h1 class=\"wp-block-heading\"><strong>\u00a0<\/strong><br>Responsable de programme et de projet \u00ab\u00a0sant\u00e9 des sols\u00a0\u00bb (60\u201380\u00a0%)<\/h1>\n\n\n\n<p class=\"page-header__text\">Pour notre bureau \u00e0 Bienne, nous recherchons\u00a0d\u00e8s maintenant ou \u00e0 convenir\u00a0une personnalit\u00e9 exp\u00e9riment\u00e9e, dot\u00e9e d\u2019une solide expertise, d\u2019une vision strat\u00e9gique et d\u2019une forte capacit\u00e9 de mise en \u0153uvre.<\/p>\n\n<\/div>\r\n        <\/div>\r\n\r\n        \r\n                        <figure class=\"page-header__image\">\r\n                    <img loading=\"lazy\" decoding=\"async\" width=\"240\" height=\"266\" src=\"https:\/\/durabilitas.ch\/wp-content\/uploads\/2025\/12\/Verlauf-Keyvisual_1-1.jpeg\" class=\"attachment-post-thumbnail size-post-thumbnail wp-post-image\" alt=\"\" \/>                <\/figure>\r\n        \r\n    <\/div><!-- .page-header__content -->\r\n\r\n            <a class=\"link-overview\" href=\"https:\/\/durabilitas.ch\/fr\/actualites\/\">\r\n            vue d&rsquo;ensemble        <\/a>\r\n    \r\n\r\n<\/header>\r\n\r\n\n\n\n<p class=\"wp-block-paragraph\"><strong>Votre r\u00f4le<\/strong>\u00a0:<\/p>\n\n\n\n<p class=\"wp-block-paragraph\">En collaboration avec l\u2019\u00e9quipe, vous d\u00e9veloppez et portez le domaine th\u00e9matique \u00ab\u00a0sant\u00e9 des sols\u00a0\u00bb \u2013 de son d\u00e9veloppement conceptuel jusqu\u2019\u00e0 la mise en \u0153uvre concr\u00e8te de projets. Vous \u00e9voluez \u00e0 l\u2019interface entre la pratique, la recherche et le secteur public, et contribuez \u00e0 donner une voix \u00e0 la th\u00e9matique des sols dans diff\u00e9rents contextes.<\/p>\n\n\n\n<p class=\"wp-block-paragraph\"><strong>Vos t\u00e2ches<\/strong><\/p>\n\n\n\n<ul class=\"wp-block-list\">\n<li>D\u00e9veloppement du domaine \u00ab\u00a0sant\u00e9 des sols\u00a0\u00bb et consolidation d\u2019un portefeuille de projets coh\u00e9rent et finan\u00e7able<\/li>\n\n\n\n<li>Conception de projets de l\u2019id\u00e9e \u00e0 leur financement\u00a0; garantie de la qualit\u00e9, de la coh\u00e9rence et de l\u2019impact<\/li>\n\n\n\n<li>Direction et mise en \u0153uvre de projets, incluant la responsabilit\u00e9 du budget, des ressources et des impacts, ainsi que participation \u00e0 d\u2019autres projets de la th\u00e9matique<\/li>\n\n\n\n<li>D\u00e9veloppement et entretien d\u2019un r\u00e9seau compos\u00e9 de partenaires de l\u2019administration, de la recherche et de la pratique<\/li>\n\n\n\n<li>Participation active au sein de l\u2019\u00e9quipe et soutien ponctuel \u00e0 d\u2019autres projets et th\u00e9matiques<\/li>\n\n\n\n<li>Pr\u00e9paration et transmission de contenus sp\u00e9cialis\u00e9s pour diff\u00e9rents publics (francophones et germanophones)<\/li>\n<\/ul>\n\n\n\n<p class=\"wp-block-paragraph\"><strong>Votre profil<\/strong>\u00a0:<\/p>\n\n\n\n<ul class=\"wp-block-list\">\n<li>Dipl\u00f4me universitaire (Master\/PhD) en sciences de l\u2019environnement, g\u00e9ographie ou domaines apparent\u00e9s, compl\u00e9t\u00e9 par une exp\u00e9rience pratique (p. ex. am\u00e9nagement du territoire, ing\u00e9nierie, architecture du paysage)<\/li>\n\n\n\n<li>Plusieurs ann\u00e9es d\u2019exp\u00e9rience dans la gestion et le d\u00e9veloppement de projets, y compris leur financement<\/li>\n\n\n\n<li>Ancrage th\u00e9matique dans le domaine des sols, de l\u2019am\u00e9nagement du territoire ou de domaines connexes (p.\u00a0ex. biodiversit\u00e9, eau, secteur de la construction)<\/li>\n\n\n\n<li>Pens\u00e9e strat\u00e9gique et syst\u00e9mique, avec un go\u00fbt pour la mise en \u0153uvre op\u00e9rationnelle<\/li>\n\n\n\n<li>Aisance dans des environnements d\u2019acteurs.trices complexes et bonne compr\u00e9hension des processus politiques en Suisse<\/li>\n\n\n\n<li>M\u00e9thode de travail structur\u00e9e, autonomie et esprit d\u2019\u00e9quipe<\/li>\n\n\n\n<li>Capacit\u00e9 \u00e0 rendre des contenus complexes accessibles \u00e0 l\u2019oral comme \u00e0 l\u2019\u00e9crit<\/li>\n\n\n\n<li>Tr\u00e8s bonnes connaissances du fran\u00e7ais et de l\u2019allemand, avec une ma\u00eetrise de niveau langue maternelle dans l\u2019une des deux langues et de tr\u00e8s bonnes connaissances de l\u2019autre\u00a0<\/li>\n<\/ul>\n\n\n\n<p class=\"wp-block-paragraph\"><strong>Ce que nous offrons<\/strong>\u00a0:<\/p>\n\n\n\n<p class=\"wp-block-paragraph\">Nous sommes une petite \u00e9quipe tr\u00e8s motiv\u00e9e, bilingue et dynamique, et nous r\u00e9jouissons d\u2019accueillir un.e coll\u00e8gue appr\u00e9ciant la marge de man\u0153uvre offerte par une organisation agile. Nous proposons des horaires et lieux de travail flexibles, un bureau central \u00e0 Bienne et des th\u00e9matiques de projets innovantes et stimulantes.<\/p>\n\n\n\n<p class=\"wp-block-paragraph\"><strong>Candidature<\/strong>\u00a0:<\/p>\n\n\n\n<p class=\"wp-block-paragraph\">Veuillez envoyer votre dossier de candidature complet en pi\u00e8ce jointe par e-mail d\u2019ici au 25 mai 2026\u00a0\u00e0\u00a0: <a href=\"mailto:jobs@durabilitas.ch\">jobs@durabilitas.ch<\/a><\/p>\n\n\n\n<p class=\"wp-block-paragraph\">Entretiens du premier tour\u00a0: 2 juin 2026 (\u00e0 Bienne)<\/p>\n\n\n\n<p class=\"wp-block-paragraph\">Entretiens du second tour\u00a0: 8 juin 2026 (\u00e0 Bienne)<\/p>\n\n\n\n<p class=\"wp-block-paragraph\">Pour toute question, Karin Sidler, co-directrice, se tient \u00e0 votre disposition\u00a0:<\/p>\n\n\n\n<p class=\"wp-block-paragraph\"><a href=\"mailto:karin.sidler@durabilitas.ch\">karin.sidler@durabilitas.ch<\/a>&nbsp;ou 033 553 21 70.<\/p>\n\n\n\r\n<div id=\"button-block_59692d79aba8c53fea298fac0a1879a3\" class=\"button-block has-spacing--default has-text-align-center\">\r\n    <a class=\"btn--background\" href=\"https:\/\/durabilitas.ch\/wp-content\/uploads\/2026\/04\/Stellenausschreibung_Boden_Durabilitas-1.pdf\" target=\"_blank\">\r\n        Offre d&#039;emploi au format PDF    <\/a>\r\n<\/div>\r\n\r\n","protected":false},"excerpt":{"rendered":"<p>Pour notre bureau \u00e0 Bienne, nous recherchons d\u00e8s maintenant ou \u00e0 convenir une personnalit\u00e9 exp\u00e9riment\u00e9e, &#8230;<\/p>\n","protected":false},"author":3,"featured_media":6082,"comment_status":"closed","ping_status":"closed","sticky":false,"template":"","format":"standard","meta":{"_acf_changed":false,"footnotes":""},"categories":[79],"tags":[],"class_list":["post-6697","post","type-post","status-publish","format-standard","has-post-thumbnail","hentry","category-autre"],"acf":[],"yoast_head":"<!-- This site is optimized with the Yoast SEO plugin v27.3 - https:\/\/yoast.com\/product\/yoast-seo-wordpress\/ -->\n<title>Responsable de programme et de projet \u00ab sant\u00e9 des sols \u00bb\u00a0 - Durabilitas<\/title>\n<meta name=\"robots\" content=\"index, follow, max-snippet:-1, max-image-preview:large, max-video-preview:-1\" \/>\n<link rel=\"canonical\" href=\"https:\/\/durabilitas.ch\/fr\/themes\/autre\/responsable-de-programme-et-de-projet-sante-des-sols\/\" \/>\n<meta property=\"og:locale\" content=\"fr_FR\" \/>\n<meta property=\"og:type\" content=\"article\" \/>\n<meta property=\"og:title\" content=\"Responsable de programme et de projet \u00ab sant\u00e9 des sols \u00bb\u00a0 - Durabilitas\" \/>\n<meta property=\"og:description\" content=\"Pour notre bureau \u00e0 Bienne, nous recherchons d\u00e8s maintenant ou \u00e0 convenir une personnalit\u00e9 exp\u00e9riment\u00e9e, ...\" \/>\n<meta property=\"og:url\" content=\"https:\/\/durabilitas.ch\/fr\/themes\/autre\/responsable-de-programme-et-de-projet-sante-des-sols\/\" \/>\n<meta property=\"og:site_name\" content=\"Durabilitas\" \/>\n<meta property=\"article:published_time\" content=\"2026-04-27T13:55:35+00:00\" \/>\n<meta property=\"article:modified_time\" content=\"2026-04-27T14:06:34+00:00\" \/>\n<meta property=\"og:image\" content=\"https:\/\/durabilitas.ch\/wp-content\/uploads\/2025\/12\/Verlauf-Keyvisual_1-1.jpeg\" \/>\n\t<meta property=\"og:image:width\" content=\"240\" \/>\n\t<meta property=\"og:image:height\" content=\"266\" \/>\n\t<meta property=\"og:image:type\" content=\"image\/jpeg\" \/>\n<meta name=\"author\" content=\"Heidi Schmidt\" \/>\n<meta name=\"twitter:card\" content=\"summary_large_image\" \/>\n<script type=\"application\/ld+json\" class=\"yoast-schema-graph\">{\"@context\":\"https:\\\/\\\/schema.org\",\"@graph\":[{\"@type\":\"Article\",\"@id\":\"https:\\\/\\\/durabilitas.ch\\\/fr\\\/themes\\\/autre\\\/responsable-de-programme-et-de-projet-sante-des-sols\\\/#article\",\"isPartOf\":{\"@id\":\"https:\\\/\\\/durabilitas.ch\\\/fr\\\/themes\\\/autre\\\/responsable-de-programme-et-de-projet-sante-des-sols\\\/\"},\"author\":{\"name\":\"Heidi Schmidt\",\"@id\":\"https:\\\/\\\/durabilitas.ch\\\/fr\\\/#\\\/schema\\\/person\\\/a59e0eb7e6593c7031b6d27dcfdbb67c\"},\"headline\":\"Responsable de programme et de projet \u00ab sant\u00e9 des sols \u00bb\u00a0\",\"datePublished\":\"2026-04-27T13:55:35+00:00\",\"dateModified\":\"2026-04-27T14:06:34+00:00\",\"mainEntityOfPage\":{\"@id\":\"https:\\\/\\\/durabilitas.ch\\\/fr\\\/themes\\\/autre\\\/responsable-de-programme-et-de-projet-sante-des-sols\\\/\"},\"wordCount\":519,\"image\":{\"@id\":\"https:\\\/\\\/durabilitas.ch\\\/fr\\\/themes\\\/autre\\\/responsable-de-programme-et-de-projet-sante-des-sols\\\/#primaryimage\"},\"thumbnailUrl\":\"https:\\\/\\\/durabilitas.ch\\\/wp-content\\\/uploads\\\/2025\\\/12\\\/Verlauf-Keyvisual_1-1.jpeg\",\"articleSection\":[\"Autre\"],\"inLanguage\":\"fr-FR\"},{\"@type\":\"WebPage\",\"@id\":\"https:\\\/\\\/durabilitas.ch\\\/fr\\\/themes\\\/autre\\\/responsable-de-programme-et-de-projet-sante-des-sols\\\/\",\"url\":\"https:\\\/\\\/durabilitas.ch\\\/fr\\\/themes\\\/autre\\\/responsable-de-programme-et-de-projet-sante-des-sols\\\/\",\"name\":\"Responsable de programme et de projet \u00ab sant\u00e9 des sols \u00bb\u00a0 - Durabilitas\",\"isPartOf\":{\"@id\":\"https:\\\/\\\/durabilitas.ch\\\/fr\\\/#website\"},\"primaryImageOfPage\":{\"@id\":\"https:\\\/\\\/durabilitas.ch\\\/fr\\\/themes\\\/autre\\\/responsable-de-programme-et-de-projet-sante-des-sols\\\/#primaryimage\"},\"image\":{\"@id\":\"https:\\\/\\\/durabilitas.ch\\\/fr\\\/themes\\\/autre\\\/responsable-de-programme-et-de-projet-sante-des-sols\\\/#primaryimage\"},\"thumbnailUrl\":\"https:\\\/\\\/durabilitas.ch\\\/wp-content\\\/uploads\\\/2025\\\/12\\\/Verlauf-Keyvisual_1-1.jpeg\",\"datePublished\":\"2026-04-27T13:55:35+00:00\",\"dateModified\":\"2026-04-27T14:06:34+00:00\",\"author\":{\"@id\":\"https:\\\/\\\/durabilitas.ch\\\/fr\\\/#\\\/schema\\\/person\\\/a59e0eb7e6593c7031b6d27dcfdbb67c\"},\"breadcrumb\":{\"@id\":\"https:\\\/\\\/durabilitas.ch\\\/fr\\\/themes\\\/autre\\\/responsable-de-programme-et-de-projet-sante-des-sols\\\/#breadcrumb\"},\"inLanguage\":\"fr-FR\",\"potentialAction\":[{\"@type\":\"ReadAction\",\"target\":[\"https:\\\/\\\/durabilitas.ch\\\/fr\\\/themes\\\/autre\\\/responsable-de-programme-et-de-projet-sante-des-sols\\\/\"]}]},{\"@type\":\"ImageObject\",\"inLanguage\":\"fr-FR\",\"@id\":\"https:\\\/\\\/durabilitas.ch\\\/fr\\\/themes\\\/autre\\\/responsable-de-programme-et-de-projet-sante-des-sols\\\/#primaryimage\",\"url\":\"https:\\\/\\\/durabilitas.ch\\\/wp-content\\\/uploads\\\/2025\\\/12\\\/Verlauf-Keyvisual_1-1.jpeg\",\"contentUrl\":\"https:\\\/\\\/durabilitas.ch\\\/wp-content\\\/uploads\\\/2025\\\/12\\\/Verlauf-Keyvisual_1-1.jpeg\",\"width\":240,\"height\":266},{\"@type\":\"BreadcrumbList\",\"@id\":\"https:\\\/\\\/durabilitas.ch\\\/fr\\\/themes\\\/autre\\\/responsable-de-programme-et-de-projet-sante-des-sols\\\/#breadcrumb\",\"itemListElement\":[{\"@type\":\"ListItem\",\"position\":1,\"name\":\"Home\",\"item\":\"https:\\\/\\\/durabilitas.ch\\\/fr\\\/\"},{\"@type\":\"ListItem\",\"position\":2,\"name\":\"Responsable de programme et de projet \u00ab sant\u00e9 des sols \u00bb\u00a0\"}]},{\"@type\":\"WebSite\",\"@id\":\"https:\\\/\\\/durabilitas.ch\\\/fr\\\/#website\",\"url\":\"https:\\\/\\\/durabilitas.ch\\\/fr\\\/\",\"name\":\"Durabilitas\",\"description\":\"\",\"potentialAction\":[{\"@type\":\"SearchAction\",\"target\":{\"@type\":\"EntryPoint\",\"urlTemplate\":\"https:\\\/\\\/durabilitas.ch\\\/fr\\\/?s={search_term_string}\"},\"query-input\":{\"@type\":\"PropertyValueSpecification\",\"valueRequired\":true,\"valueName\":\"search_term_string\"}}],\"inLanguage\":\"fr-FR\"},{\"@type\":\"Person\",\"@id\":\"https:\\\/\\\/durabilitas.ch\\\/fr\\\/#\\\/schema\\\/person\\\/a59e0eb7e6593c7031b6d27dcfdbb67c\",\"name\":\"Heidi Schmidt\",\"image\":{\"@type\":\"ImageObject\",\"inLanguage\":\"fr-FR\",\"@id\":\"https:\\\/\\\/secure.gravatar.com\\\/avatar\\\/4f5dd5e1a10fe8bc6a4fb0c7e6fc6374a43b828756778dd8df4915466e3f1b7e?s=96&d=mm&r=g\",\"url\":\"https:\\\/\\\/secure.gravatar.com\\\/avatar\\\/4f5dd5e1a10fe8bc6a4fb0c7e6fc6374a43b828756778dd8df4915466e3f1b7e?s=96&d=mm&r=g\",\"contentUrl\":\"https:\\\/\\\/secure.gravatar.com\\\/avatar\\\/4f5dd5e1a10fe8bc6a4fb0c7e6fc6374a43b828756778dd8df4915466e3f1b7e?s=96&d=mm&r=g\",\"caption\":\"Heidi Schmidt\"},\"sameAs\":[\"https:\\\/\\\/www.sanudurabilitas.ch\\\/\"],\"url\":\"https:\\\/\\\/durabilitas.ch\\\/fr\\\/author\\\/heidi_schmidt\\\/\"}]}<\/script>\n<!-- \/ Yoast SEO plugin. -->","yoast_head_json":{"title":"Responsable de programme et de projet \u00ab sant\u00e9 des sols \u00bb\u00a0 - Durabilitas","robots":{"index":"index","follow":"follow","max-snippet":"max-snippet:-1","max-image-preview":"max-image-preview:large","max-video-preview":"max-video-preview:-1"},"canonical":"https:\/\/durabilitas.ch\/fr\/themes\/autre\/responsable-de-programme-et-de-projet-sante-des-sols\/","og_locale":"fr_FR","og_type":"article","og_title":"Responsable de programme et de projet \u00ab sant\u00e9 des sols \u00bb\u00a0 - Durabilitas","og_description":"Pour notre bureau \u00e0 Bienne, nous recherchons d\u00e8s maintenant ou \u00e0 convenir une personnalit\u00e9 exp\u00e9riment\u00e9e, ...","og_url":"https:\/\/durabilitas.ch\/fr\/themes\/autre\/responsable-de-programme-et-de-projet-sante-des-sols\/","og_site_name":"Durabilitas","article_published_time":"2026-04-27T13:55:35+00:00","article_modified_time":"2026-04-27T14:06:34+00:00","og_image":[{"width":240,"height":266,"url":"https:\/\/durabilitas.ch\/wp-content\/uploads\/2025\/12\/Verlauf-Keyvisual_1-1.jpeg","type":"image\/jpeg"}],"author":"Heidi Schmidt","twitter_card":"summary_large_image","schema":{"@context":"https:\/\/schema.org","@graph":[{"@type":"Article","@id":"https:\/\/durabilitas.ch\/fr\/themes\/autre\/responsable-de-programme-et-de-projet-sante-des-sols\/#article","isPartOf":{"@id":"https:\/\/durabilitas.ch\/fr\/themes\/autre\/responsable-de-programme-et-de-projet-sante-des-sols\/"},"author":{"name":"Heidi Schmidt","@id":"https:\/\/durabilitas.ch\/fr\/#\/schema\/person\/a59e0eb7e6593c7031b6d27dcfdbb67c"},"headline":"Responsable de programme et de projet \u00ab sant\u00e9 des sols \u00bb\u00a0","datePublished":"2026-04-27T13:55:35+00:00","dateModified":"2026-04-27T14:06:34+00:00","mainEntityOfPage":{"@id":"https:\/\/durabilitas.ch\/fr\/themes\/autre\/responsable-de-programme-et-de-projet-sante-des-sols\/"},"wordCount":519,"image":{"@id":"https:\/\/durabilitas.ch\/fr\/themes\/autre\/responsable-de-programme-et-de-projet-sante-des-sols\/#primaryimage"},"thumbnailUrl":"https:\/\/durabilitas.ch\/wp-content\/uploads\/2025\/12\/Verlauf-Keyvisual_1-1.jpeg","articleSection":["Autre"],"inLanguage":"fr-FR"},{"@type":"WebPage","@id":"https:\/\/durabilitas.ch\/fr\/themes\/autre\/responsable-de-programme-et-de-projet-sante-des-sols\/","url":"https:\/\/durabilitas.ch\/fr\/themes\/autre\/responsable-de-programme-et-de-projet-sante-des-sols\/","name":"Responsable de programme et de projet \u00ab sant\u00e9 des sols \u00bb\u00a0 - Durabilitas","isPartOf":{"@id":"https:\/\/durabilitas.ch\/fr\/#website"},"primaryImageOfPage":{"@id":"https:\/\/durabilitas.ch\/fr\/themes\/autre\/responsable-de-programme-et-de-projet-sante-des-sols\/#primaryimage"},"image":{"@id":"https:\/\/durabilitas.ch\/fr\/themes\/autre\/responsable-de-programme-et-de-projet-sante-des-sols\/#primaryimage"},"thumbnailUrl":"https:\/\/durabilitas.ch\/wp-content\/uploads\/2025\/12\/Verlauf-Keyvisual_1-1.jpeg","datePublished":"2026-04-27T13:55:35+00:00","dateModified":"2026-04-27T14:06:34+00:00","author":{"@id":"https:\/\/durabilitas.ch\/fr\/#\/schema\/person\/a59e0eb7e6593c7031b6d27dcfdbb67c"},"breadcrumb":{"@id":"https:\/\/durabilitas.ch\/fr\/themes\/autre\/responsable-de-programme-et-de-projet-sante-des-sols\/#breadcrumb"},"inLanguage":"fr-FR","potentialAction":[{"@type":"ReadAction","target":["https:\/\/durabilitas.ch\/fr\/themes\/autre\/responsable-de-programme-et-de-projet-sante-des-sols\/"]}]},{"@type":"ImageObject","inLanguage":"fr-FR","@id":"https:\/\/durabilitas.ch\/fr\/themes\/autre\/responsable-de-programme-et-de-projet-sante-des-sols\/#primaryimage","url":"https:\/\/durabilitas.ch\/wp-content\/uploads\/2025\/12\/Verlauf-Keyvisual_1-1.jpeg","contentUrl":"https:\/\/durabilitas.ch\/wp-content\/uploads\/2025\/12\/Verlauf-Keyvisual_1-1.jpeg","width":240,"height":266},{"@type":"BreadcrumbList","@id":"https:\/\/durabilitas.ch\/fr\/themes\/autre\/responsable-de-programme-et-de-projet-sante-des-sols\/#breadcrumb","itemListElement":[{"@type":"ListItem","position":1,"name":"Home","item":"https:\/\/durabilitas.ch\/fr\/"},{"@type":"ListItem","position":2,"name":"Responsable de programme et de projet \u00ab sant\u00e9 des sols \u00bb\u00a0"}]},{"@type":"WebSite","@id":"https:\/\/durabilitas.ch\/fr\/#website","url":"https:\/\/durabilitas.ch\/fr\/","name":"Durabilitas","description":"","potentialAction":[{"@type":"SearchAction","target":{"@type":"EntryPoint","urlTemplate":"https:\/\/durabilitas.ch\/fr\/?s={search_term_string}"},"query-input":{"@type":"PropertyValueSpecification","valueRequired":true,"valueName":"search_term_string"}}],"inLanguage":"fr-FR"},{"@type":"Person","@id":"https:\/\/durabilitas.ch\/fr\/#\/schema\/person\/a59e0eb7e6593c7031b6d27dcfdbb67c","name":"Heidi Schmidt","image":{"@type":"ImageObject","inLanguage":"fr-FR","@id":"https:\/\/secure.gravatar.com\/avatar\/4f5dd5e1a10fe8bc6a4fb0c7e6fc6374a43b828756778dd8df4915466e3f1b7e?s=96&d=mm&r=g","url":"https:\/\/secure.gravatar.com\/avatar\/4f5dd5e1a10fe8bc6a4fb0c7e6fc6374a43b828756778dd8df4915466e3f1b7e?s=96&d=mm&r=g","contentUrl":"https:\/\/secure.gravatar.com\/avatar\/4f5dd5e1a10fe8bc6a4fb0c7e6fc6374a43b828756778dd8df4915466e3f1b7e?s=96&d=mm&r=g","caption":"Heidi Schmidt"},"sameAs":["https:\/\/www.sanudurabilitas.ch\/"],"url":"https:\/\/durabilitas.ch\/fr\/author\/heidi_schmidt\/"}]}},"_links":{"self":[{"href":"https:\/\/durabilitas.ch\/fr\/wp-json\/wp\/v2\/posts\/6697","targetHints":{"allow":["GET"]}}],"collection":[{"href":"https:\/\/durabilitas.ch\/fr\/wp-json\/wp\/v2\/posts"}],"about":[{"href":"https:\/\/durabilitas.ch\/fr\/wp-json\/wp\/v2\/types\/post"}],"author":[{"embeddable":true,"href":"https:\/\/durabilitas.ch\/fr\/wp-json\/wp\/v2\/users\/3"}],"replies":[{"embeddable":true,"href":"https:\/\/durabilitas.ch\/fr\/wp-json\/wp\/v2\/comments?post=6697"}],"version-history":[{"count":3,"href":"https:\/\/durabilitas.ch\/fr\/wp-json\/wp\/v2\/posts\/6697\/revisions"}],"predecessor-version":[{"id":6702,"href":"https:\/\/durabilitas.ch\/fr\/wp-json\/wp\/v2\/posts\/6697\/revisions\/6702"}],"wp:featuredmedia":[{"embeddable":true,"href":"https:\/\/durabilitas.ch\/fr\/wp-json\/wp\/v2\/media\/6082"}],"wp:attachment":[{"href":"https:\/\/durabilitas.ch\/fr\/wp-json\/wp\/v2\/media?parent=6697"}],"wp:term":[{"taxonomy":"category","embeddable":true,"href":"https:\/\/durabilitas.ch\/fr\/wp-json\/wp\/v2\/categories?post=6697"},{"taxonomy":"post_tag","embeddable":true,"href":"https:\/\/durabilitas.ch\/fr\/wp-json\/wp\/v2\/tags?post=6697"}],"curies":[{"name":"wp","href":"https:\/\/api.w.org\/{rel}","templated":true}]}}