{"id":6083,"date":"2026-01-15T08:17:18","date_gmt":"2026-01-15T08:17:18","guid":{"rendered":"https:\/\/durabilitas.ch\/?p=6083"},"modified":"2026-03-09T12:47:15","modified_gmt":"2026-03-09T12:47:15","slug":"amenagement-du-territoire-publication-speciale-sur-les-sols","status":"publish","type":"post","link":"https:\/\/durabilitas.ch\/fr\/themes\/sante-des-sols\/amenagement-du-territoire-publication-speciale-sur-les-sols\/","title":{"rendered":"Am\u00e9nagement du territoire \u2013 publication sp\u00e9ciale sur les sols"},"content":{"rendered":"\r\n<header id=\"header-block_d6381d469cab1330efed355c1c39290a\" class=\"page-header has-no-image has-spacing--default\">\r\n\r\n    \r\n    <div class=\"page-header__content has-title-image--large\">\r\n\r\n        <div class=\"page-header__inner\">\r\n\r\n            <div class=\"page-header__category\">\r\n\r\n                <a href=\"https:\/\/durabilitas.ch\/fr\/category\/themes\/sante-des-sols\/\">Sant\u00e9 des sols<\/a>\r\n            <\/div>\r\n\r\n            <div class=\"page-header__title\">\n\n<h1 class=\"wp-block-heading\">Am\u00e9nagement du territoire \u2013 publication sp\u00e9ciale sur les sols&nbsp;<\/h1>\n\n\n\n<p class=\"page-header__text\">La section romande de l\u2019association pour l\u2019am\u00e9nagement du territoire\u202fEspaceSuisse\u202fa mis les sols au centre de l\u2019attention dans la collection \u00ab Les Cahiers \u00bb, publi\u00e9e fin 2025, en collaboration avec\u202fespazium, l\u2019\u00e9diteur pour la culture du b\u00e2ti\u202f:\u202fLe sol \u2013 une ressource sous pression.&nbsp;<\/p>\n\n<\/div>\r\n        <\/div>\r\n\r\n        \r\n                        <figure class=\"page-header__image\">\r\n                    <img loading=\"lazy\" decoding=\"async\" width=\"240\" height=\"266\" src=\"https:\/\/durabilitas.ch\/wp-content\/uploads\/2025\/12\/Verlauf-Keyvisual_1-1.jpeg\" class=\"attachment-post-thumbnail size-post-thumbnail wp-post-image\" alt=\"\" \/>                <\/figure>\r\n        \r\n    <\/div><!-- .page-header__content -->\r\n\r\n            <a class=\"link-overview\" href=\"https:\/\/durabilitas.ch\/fr\/actualites\/\">\r\n            vue d&rsquo;ensemble        <\/a>\r\n    \r\n\r\n<\/header>\r\n\r\n\n\n\n<p class=\"wp-block-paragraph has-spacing--s\">Nous nous r\u00e9jouissons que la th\u00e9matique des sols y soit abord\u00e9e de mani\u00e8re aussi vari\u00e9e et sommes&nbsp;fier\u00b7\u00e8res&nbsp;d\u2019avoir pu contribuer \u00e0 cette publication \u00e0 plusieurs titres :&nbsp;<\/p>\n\n\n\n<ul class=\"wp-block-list\">\n<li>Directement, avec un article de notre experte Carole Imhof consacr\u00e9 \u00e0 l\u2019instrument&nbsp;de planification territoriale\u202fIndice de qualit\u00e9 des sols (IQSols \/ BodenQI)\u202f:\u202f\u00ab&nbsp;Planifier avec les sols pour des espaces de vie r\u00e9silients&nbsp;\u00bb. L\u2019article met l\u2019accent sur <a href=\"https:\/\/qualite-sols.ch\/recommandations\/\" target=\"_blank\" rel=\"noreferrer noopener\">nos recommandations <\/a>pour une meilleure prise en compte des sols dans l\u2019am\u00e9nagement du territoire.<\/li>\n\n\n\n<li>Dans notre r\u00f4le d\u2019initiatrice et d\u2019accompagnatrice\u202fdu projet pilote IQSols dans le secteur\u202fChamblioux\u2013Bertigny\u202fdans le canton de Fribourg \u2013 un mod\u00e8le de d\u00e9veloppement urbain collaboratif et durable. Un grand merci \u00e0 nos partenaires Jocelyn&nbsp;Bottinelli, Emmanuel&nbsp;D\u00e9nervaud&nbsp;et Michael Blanchard pour leur pr\u00e9sentation d\u00e9taill\u00e9e. Vous d\u00e9couvrirez comment une approche strat\u00e9gique et concert\u00e9e a permis de r\u00e9duire les impacts de la planification sur les sols et de pr\u00e9server leurs fonctions. Les b\u00e9n\u00e9fices : meilleure gestion de l\u2019eau, r\u00e9duction des \u00eelots de chaleur et pr\u00e9servation de la biodiversit\u00e9.<\/li>\n\n\n\n<li>De mani\u00e8re plus indirecte, \u00e0 travers les contributions de nos partenaires Fabienne Favre Boivin et G\u00e9raldine Bullinger-Weber de la Haute \u00e9cole d\u2019ing\u00e9nierie et d\u2019architecture de Fribourg, qui d\u00e9veloppent l\u2019un de nos arguments cl\u00e9s sur les sols et l\u2019am\u00e9nagement du territoire :\u202f\u00ab&nbsp;Sols urbains et \u00eelots de chaleur \u2013 concilier densification et confort thermique&nbsp;\u00bb. Pour ce faire, les chercheuses ont utilis\u00e9 des outils de l\u2019IQSols d\u00e9velopp\u00e9s dans le cadre de&nbsp;notre&nbsp;<a href=\"https:\/\/qualite-sols.ch\/projet-pilote\/region-morges-fr\/\" target=\"_blank\" rel=\"noreferrer noopener\">projet pilote&nbsp;men\u00e9 par&nbsp;la R\u00e9gion Morges<\/a>. Elles plaident pour une int\u00e9gration pr\u00e9coce de la protection des sols dans la planification et pour un renforcement des connaissances sur les sols dans l\u2019am\u00e9nagement du territoire, les \u00eelots de chaleur \u00e9tant depuis longtemps plus qu\u2019un probl\u00e8me ponctuel. C\u2019est pr\u00e9cis\u00e9ment \u00e0 ce niveau qu\u2019intervient notre projet sur l\u2019indice de qualit\u00e9 des sols.<\/li>\n<\/ul>\n\n\n\n<p class=\"wp-block-paragraph\">Notre conclusion&nbsp;: une lecture vivement recommand\u00e9e, malheureusement disponible uniquement en fran\u00e7ais.<\/p>\n\n\n\r\n<div id=\"button-block_d820cd8d57333e698b3d36aa55259b44\" class=\"button-block has-spacing--default has-text-align-center\">\r\n    <a class=\"btn--background\" href=\"https:\/\/www.espazium.ch\/fr\/weitere-publikationen-le-sol-une-ressource-sous-pression-2025-espacesuisse-ndeg3\" target=\"_blank\">\r\n        \u00c0 commander    <\/a>\r\n<\/div>\r\n\r\n\n\n\r\n<div id=\"button-block_ac4523c3b796436ca254af7e5c93806c\" class=\"button-block has-spacing--default has-text-align-center\">\r\n    <a class=\"btn--background\" href=\"https:\/\/durabilitas.ch\/wp-content\/uploads\/2026\/03\/IMHOF_EspaceSuisse_3_255.pdf\" target=\"_blank\">\r\n        Article de notre experte (gratuit)    <\/a>\r\n<\/div>\r\n\r\n","protected":false},"excerpt":{"rendered":"<p>La section romande de l\u2019association pour l\u2019am\u00e9nagement du territoire\u202fEspaceSuisse\u202fa mis les sols au centre de &#8230;<\/p>\n","protected":false},"author":3,"featured_media":6082,"comment_status":"closed","ping_status":"closed","sticky":false,"template":"","format":"standard","meta":{"_acf_changed":false,"footnotes":""},"categories":[73,75,76,87],"tags":[],"class_list":["post-6083","post","type-post","status-publish","format-standard","has-post-thumbnail","hentry","category-transfert-de-connaissances","category-themes","category-sante-des-sols","category-publications"],"acf":[],"yoast_head":"<!-- This site is optimized with the Yoast SEO plugin v27.3 - https:\/\/yoast.com\/product\/yoast-seo-wordpress\/ -->\n<title>Am\u00e9nagement du territoire \u2013 publication sp\u00e9ciale sur les sols - Durabilitas<\/title>\n<meta name=\"description\" content=\"EspaceSuisse\u202fa mis les sols au centre de l\u2019attention dans la collection \u00ab Les Cahiers \u00bb, publi\u00e9e fin 2025, en collaboration avec\u202fespazium.\" \/>\n<meta name=\"robots\" content=\"index, follow, max-snippet:-1, max-image-preview:large, max-video-preview:-1\" \/>\n<link rel=\"canonical\" href=\"https:\/\/durabilitas.ch\/fr\/themes\/sante-des-sols\/amenagement-du-territoire-publication-speciale-sur-les-sols\/\" \/>\n<meta property=\"og:locale\" content=\"fr_FR\" \/>\n<meta property=\"og:type\" content=\"article\" \/>\n<meta property=\"og:title\" content=\"Am\u00e9nagement du territoire \u2013 publication sp\u00e9ciale sur les sols - Durabilitas\" \/>\n<meta property=\"og:description\" content=\"EspaceSuisse\u202fa mis les sols au centre de l\u2019attention dans la collection \u00ab Les Cahiers \u00bb, publi\u00e9e fin 2025, en collaboration avec\u202fespazium.\" \/>\n<meta property=\"og:url\" content=\"https:\/\/durabilitas.ch\/fr\/themes\/sante-des-sols\/amenagement-du-territoire-publication-speciale-sur-les-sols\/\" \/>\n<meta property=\"og:site_name\" content=\"Durabilitas\" \/>\n<meta property=\"article:published_time\" content=\"2026-01-15T08:17:18+00:00\" \/>\n<meta property=\"article:modified_time\" content=\"2026-03-09T12:47:15+00:00\" \/>\n<meta property=\"og:image\" content=\"https:\/\/durabilitas.ch\/wp-content\/uploads\/2025\/12\/Verlauf-Keyvisual_1-1.jpeg\" \/>\n\t<meta property=\"og:image:width\" content=\"240\" \/>\n\t<meta property=\"og:image:height\" content=\"266\" \/>\n\t<meta property=\"og:image:type\" content=\"image\/jpeg\" \/>\n<meta name=\"author\" content=\"Heidi Schmidt\" \/>\n<meta name=\"twitter:card\" content=\"summary_large_image\" \/>\n<script type=\"application\/ld+json\" class=\"yoast-schema-graph\">{\"@context\":\"https:\\\/\\\/schema.org\",\"@graph\":[{\"@type\":\"Article\",\"@id\":\"https:\\\/\\\/durabilitas.ch\\\/fr\\\/themes\\\/sante-des-sols\\\/amenagement-du-territoire-publication-speciale-sur-les-sols\\\/#article\",\"isPartOf\":{\"@id\":\"https:\\\/\\\/durabilitas.ch\\\/fr\\\/themes\\\/sante-des-sols\\\/amenagement-du-territoire-publication-speciale-sur-les-sols\\\/\"},\"author\":{\"name\":\"Heidi Schmidt\",\"@id\":\"https:\\\/\\\/durabilitas.ch\\\/fr\\\/#\\\/schema\\\/person\\\/a59e0eb7e6593c7031b6d27dcfdbb67c\"},\"headline\":\"Am\u00e9nagement du territoire \u2013 publication sp\u00e9ciale sur les sols\",\"datePublished\":\"2026-01-15T08:17:18+00:00\",\"dateModified\":\"2026-03-09T12:47:15+00:00\",\"mainEntityOfPage\":{\"@id\":\"https:\\\/\\\/durabilitas.ch\\\/fr\\\/themes\\\/sante-des-sols\\\/amenagement-du-territoire-publication-speciale-sur-les-sols\\\/\"},\"wordCount\":440,\"image\":{\"@id\":\"https:\\\/\\\/durabilitas.ch\\\/fr\\\/themes\\\/sante-des-sols\\\/amenagement-du-territoire-publication-speciale-sur-les-sols\\\/#primaryimage\"},\"thumbnailUrl\":\"https:\\\/\\\/durabilitas.ch\\\/wp-content\\\/uploads\\\/2025\\\/12\\\/Verlauf-Keyvisual_1-1.jpeg\",\"articleSection\":[\"Transfert de connaissances\",\"Th\u00e8mes\",\"Sant\u00e9 des sols\",\"M\u00e9dias &amp; Publications\"],\"inLanguage\":\"fr-FR\"},{\"@type\":\"WebPage\",\"@id\":\"https:\\\/\\\/durabilitas.ch\\\/fr\\\/themes\\\/sante-des-sols\\\/amenagement-du-territoire-publication-speciale-sur-les-sols\\\/\",\"url\":\"https:\\\/\\\/durabilitas.ch\\\/fr\\\/themes\\\/sante-des-sols\\\/amenagement-du-territoire-publication-speciale-sur-les-sols\\\/\",\"name\":\"Am\u00e9nagement du territoire \u2013 publication sp\u00e9ciale sur les sols - Durabilitas\",\"isPartOf\":{\"@id\":\"https:\\\/\\\/durabilitas.ch\\\/fr\\\/#website\"},\"primaryImageOfPage\":{\"@id\":\"https:\\\/\\\/durabilitas.ch\\\/fr\\\/themes\\\/sante-des-sols\\\/amenagement-du-territoire-publication-speciale-sur-les-sols\\\/#primaryimage\"},\"image\":{\"@id\":\"https:\\\/\\\/durabilitas.ch\\\/fr\\\/themes\\\/sante-des-sols\\\/amenagement-du-territoire-publication-speciale-sur-les-sols\\\/#primaryimage\"},\"thumbnailUrl\":\"https:\\\/\\\/durabilitas.ch\\\/wp-content\\\/uploads\\\/2025\\\/12\\\/Verlauf-Keyvisual_1-1.jpeg\",\"datePublished\":\"2026-01-15T08:17:18+00:00\",\"dateModified\":\"2026-03-09T12:47:15+00:00\",\"author\":{\"@id\":\"https:\\\/\\\/durabilitas.ch\\\/fr\\\/#\\\/schema\\\/person\\\/a59e0eb7e6593c7031b6d27dcfdbb67c\"},\"description\":\"EspaceSuisse\u202fa mis les sols au centre de l\u2019attention dans la collection \u00ab Les Cahiers \u00bb, publi\u00e9e fin 2025, en collaboration avec\u202fespazium.\",\"breadcrumb\":{\"@id\":\"https:\\\/\\\/durabilitas.ch\\\/fr\\\/themes\\\/sante-des-sols\\\/amenagement-du-territoire-publication-speciale-sur-les-sols\\\/#breadcrumb\"},\"inLanguage\":\"fr-FR\",\"potentialAction\":[{\"@type\":\"ReadAction\",\"target\":[\"https:\\\/\\\/durabilitas.ch\\\/fr\\\/themes\\\/sante-des-sols\\\/amenagement-du-territoire-publication-speciale-sur-les-sols\\\/\"]}]},{\"@type\":\"ImageObject\",\"inLanguage\":\"fr-FR\",\"@id\":\"https:\\\/\\\/durabilitas.ch\\\/fr\\\/themes\\\/sante-des-sols\\\/amenagement-du-territoire-publication-speciale-sur-les-sols\\\/#primaryimage\",\"url\":\"https:\\\/\\\/durabilitas.ch\\\/wp-content\\\/uploads\\\/2025\\\/12\\\/Verlauf-Keyvisual_1-1.jpeg\",\"contentUrl\":\"https:\\\/\\\/durabilitas.ch\\\/wp-content\\\/uploads\\\/2025\\\/12\\\/Verlauf-Keyvisual_1-1.jpeg\",\"width\":240,\"height\":266},{\"@type\":\"BreadcrumbList\",\"@id\":\"https:\\\/\\\/durabilitas.ch\\\/fr\\\/themes\\\/sante-des-sols\\\/amenagement-du-territoire-publication-speciale-sur-les-sols\\\/#breadcrumb\",\"itemListElement\":[{\"@type\":\"ListItem\",\"position\":1,\"name\":\"Home\",\"item\":\"https:\\\/\\\/durabilitas.ch\\\/fr\\\/\"},{\"@type\":\"ListItem\",\"position\":2,\"name\":\"Am\u00e9nagement du territoire \u2013 publication sp\u00e9ciale sur les sols\"}]},{\"@type\":\"WebSite\",\"@id\":\"https:\\\/\\\/durabilitas.ch\\\/fr\\\/#website\",\"url\":\"https:\\\/\\\/durabilitas.ch\\\/fr\\\/\",\"name\":\"Durabilitas\",\"description\":\"\",\"potentialAction\":[{\"@type\":\"SearchAction\",\"target\":{\"@type\":\"EntryPoint\",\"urlTemplate\":\"https:\\\/\\\/durabilitas.ch\\\/fr\\\/?s={search_term_string}\"},\"query-input\":{\"@type\":\"PropertyValueSpecification\",\"valueRequired\":true,\"valueName\":\"search_term_string\"}}],\"inLanguage\":\"fr-FR\"},{\"@type\":\"Person\",\"@id\":\"https:\\\/\\\/durabilitas.ch\\\/fr\\\/#\\\/schema\\\/person\\\/a59e0eb7e6593c7031b6d27dcfdbb67c\",\"name\":\"Heidi Schmidt\",\"image\":{\"@type\":\"ImageObject\",\"inLanguage\":\"fr-FR\",\"@id\":\"https:\\\/\\\/secure.gravatar.com\\\/avatar\\\/4f5dd5e1a10fe8bc6a4fb0c7e6fc6374a43b828756778dd8df4915466e3f1b7e?s=96&d=mm&r=g\",\"url\":\"https:\\\/\\\/secure.gravatar.com\\\/avatar\\\/4f5dd5e1a10fe8bc6a4fb0c7e6fc6374a43b828756778dd8df4915466e3f1b7e?s=96&d=mm&r=g\",\"contentUrl\":\"https:\\\/\\\/secure.gravatar.com\\\/avatar\\\/4f5dd5e1a10fe8bc6a4fb0c7e6fc6374a43b828756778dd8df4915466e3f1b7e?s=96&d=mm&r=g\",\"caption\":\"Heidi Schmidt\"},\"sameAs\":[\"https:\\\/\\\/www.sanudurabilitas.ch\\\/\"],\"url\":\"https:\\\/\\\/durabilitas.ch\\\/fr\\\/author\\\/heidi_schmidt\\\/\"}]}<\/script>\n<!-- \/ Yoast SEO plugin. -->","yoast_head_json":{"title":"Am\u00e9nagement du territoire \u2013 publication sp\u00e9ciale sur les sols - Durabilitas","description":"EspaceSuisse\u202fa mis les sols au centre de l\u2019attention dans la collection \u00ab Les Cahiers \u00bb, publi\u00e9e fin 2025, en collaboration avec\u202fespazium.","robots":{"index":"index","follow":"follow","max-snippet":"max-snippet:-1","max-image-preview":"max-image-preview:large","max-video-preview":"max-video-preview:-1"},"canonical":"https:\/\/durabilitas.ch\/fr\/themes\/sante-des-sols\/amenagement-du-territoire-publication-speciale-sur-les-sols\/","og_locale":"fr_FR","og_type":"article","og_title":"Am\u00e9nagement du territoire \u2013 publication sp\u00e9ciale sur les sols - Durabilitas","og_description":"EspaceSuisse\u202fa mis les sols au centre de l\u2019attention dans la collection \u00ab Les Cahiers \u00bb, publi\u00e9e fin 2025, en collaboration avec\u202fespazium.","og_url":"https:\/\/durabilitas.ch\/fr\/themes\/sante-des-sols\/amenagement-du-territoire-publication-speciale-sur-les-sols\/","og_site_name":"Durabilitas","article_published_time":"2026-01-15T08:17:18+00:00","article_modified_time":"2026-03-09T12:47:15+00:00","og_image":[{"width":240,"height":266,"url":"https:\/\/durabilitas.ch\/wp-content\/uploads\/2025\/12\/Verlauf-Keyvisual_1-1.jpeg","type":"image\/jpeg"}],"author":"Heidi Schmidt","twitter_card":"summary_large_image","schema":{"@context":"https:\/\/schema.org","@graph":[{"@type":"Article","@id":"https:\/\/durabilitas.ch\/fr\/themes\/sante-des-sols\/amenagement-du-territoire-publication-speciale-sur-les-sols\/#article","isPartOf":{"@id":"https:\/\/durabilitas.ch\/fr\/themes\/sante-des-sols\/amenagement-du-territoire-publication-speciale-sur-les-sols\/"},"author":{"name":"Heidi Schmidt","@id":"https:\/\/durabilitas.ch\/fr\/#\/schema\/person\/a59e0eb7e6593c7031b6d27dcfdbb67c"},"headline":"Am\u00e9nagement du territoire \u2013 publication sp\u00e9ciale sur les sols","datePublished":"2026-01-15T08:17:18+00:00","dateModified":"2026-03-09T12:47:15+00:00","mainEntityOfPage":{"@id":"https:\/\/durabilitas.ch\/fr\/themes\/sante-des-sols\/amenagement-du-territoire-publication-speciale-sur-les-sols\/"},"wordCount":440,"image":{"@id":"https:\/\/durabilitas.ch\/fr\/themes\/sante-des-sols\/amenagement-du-territoire-publication-speciale-sur-les-sols\/#primaryimage"},"thumbnailUrl":"https:\/\/durabilitas.ch\/wp-content\/uploads\/2025\/12\/Verlauf-Keyvisual_1-1.jpeg","articleSection":["Transfert de connaissances","Th\u00e8mes","Sant\u00e9 des sols","M\u00e9dias &amp; Publications"],"inLanguage":"fr-FR"},{"@type":"WebPage","@id":"https:\/\/durabilitas.ch\/fr\/themes\/sante-des-sols\/amenagement-du-territoire-publication-speciale-sur-les-sols\/","url":"https:\/\/durabilitas.ch\/fr\/themes\/sante-des-sols\/amenagement-du-territoire-publication-speciale-sur-les-sols\/","name":"Am\u00e9nagement du territoire \u2013 publication sp\u00e9ciale sur les sols - Durabilitas","isPartOf":{"@id":"https:\/\/durabilitas.ch\/fr\/#website"},"primaryImageOfPage":{"@id":"https:\/\/durabilitas.ch\/fr\/themes\/sante-des-sols\/amenagement-du-territoire-publication-speciale-sur-les-sols\/#primaryimage"},"image":{"@id":"https:\/\/durabilitas.ch\/fr\/themes\/sante-des-sols\/amenagement-du-territoire-publication-speciale-sur-les-sols\/#primaryimage"},"thumbnailUrl":"https:\/\/durabilitas.ch\/wp-content\/uploads\/2025\/12\/Verlauf-Keyvisual_1-1.jpeg","datePublished":"2026-01-15T08:17:18+00:00","dateModified":"2026-03-09T12:47:15+00:00","author":{"@id":"https:\/\/durabilitas.ch\/fr\/#\/schema\/person\/a59e0eb7e6593c7031b6d27dcfdbb67c"},"description":"EspaceSuisse\u202fa mis les sols au centre de l\u2019attention dans la collection \u00ab Les Cahiers \u00bb, publi\u00e9e fin 2025, en collaboration avec\u202fespazium.","breadcrumb":{"@id":"https:\/\/durabilitas.ch\/fr\/themes\/sante-des-sols\/amenagement-du-territoire-publication-speciale-sur-les-sols\/#breadcrumb"},"inLanguage":"fr-FR","potentialAction":[{"@type":"ReadAction","target":["https:\/\/durabilitas.ch\/fr\/themes\/sante-des-sols\/amenagement-du-territoire-publication-speciale-sur-les-sols\/"]}]},{"@type":"ImageObject","inLanguage":"fr-FR","@id":"https:\/\/durabilitas.ch\/fr\/themes\/sante-des-sols\/amenagement-du-territoire-publication-speciale-sur-les-sols\/#primaryimage","url":"https:\/\/durabilitas.ch\/wp-content\/uploads\/2025\/12\/Verlauf-Keyvisual_1-1.jpeg","contentUrl":"https:\/\/durabilitas.ch\/wp-content\/uploads\/2025\/12\/Verlauf-Keyvisual_1-1.jpeg","width":240,"height":266},{"@type":"BreadcrumbList","@id":"https:\/\/durabilitas.ch\/fr\/themes\/sante-des-sols\/amenagement-du-territoire-publication-speciale-sur-les-sols\/#breadcrumb","itemListElement":[{"@type":"ListItem","position":1,"name":"Home","item":"https:\/\/durabilitas.ch\/fr\/"},{"@type":"ListItem","position":2,"name":"Am\u00e9nagement du territoire \u2013 publication sp\u00e9ciale sur les sols"}]},{"@type":"WebSite","@id":"https:\/\/durabilitas.ch\/fr\/#website","url":"https:\/\/durabilitas.ch\/fr\/","name":"Durabilitas","description":"","potentialAction":[{"@type":"SearchAction","target":{"@type":"EntryPoint","urlTemplate":"https:\/\/durabilitas.ch\/fr\/?s={search_term_string}"},"query-input":{"@type":"PropertyValueSpecification","valueRequired":true,"valueName":"search_term_string"}}],"inLanguage":"fr-FR"},{"@type":"Person","@id":"https:\/\/durabilitas.ch\/fr\/#\/schema\/person\/a59e0eb7e6593c7031b6d27dcfdbb67c","name":"Heidi Schmidt","image":{"@type":"ImageObject","inLanguage":"fr-FR","@id":"https:\/\/secure.gravatar.com\/avatar\/4f5dd5e1a10fe8bc6a4fb0c7e6fc6374a43b828756778dd8df4915466e3f1b7e?s=96&d=mm&r=g","url":"https:\/\/secure.gravatar.com\/avatar\/4f5dd5e1a10fe8bc6a4fb0c7e6fc6374a43b828756778dd8df4915466e3f1b7e?s=96&d=mm&r=g","contentUrl":"https:\/\/secure.gravatar.com\/avatar\/4f5dd5e1a10fe8bc6a4fb0c7e6fc6374a43b828756778dd8df4915466e3f1b7e?s=96&d=mm&r=g","caption":"Heidi Schmidt"},"sameAs":["https:\/\/www.sanudurabilitas.ch\/"],"url":"https:\/\/durabilitas.ch\/fr\/author\/heidi_schmidt\/"}]}},"_links":{"self":[{"href":"https:\/\/durabilitas.ch\/fr\/wp-json\/wp\/v2\/posts\/6083","targetHints":{"allow":["GET"]}}],"collection":[{"href":"https:\/\/durabilitas.ch\/fr\/wp-json\/wp\/v2\/posts"}],"about":[{"href":"https:\/\/durabilitas.ch\/fr\/wp-json\/wp\/v2\/types\/post"}],"author":[{"embeddable":true,"href":"https:\/\/durabilitas.ch\/fr\/wp-json\/wp\/v2\/users\/3"}],"replies":[{"embeddable":true,"href":"https:\/\/durabilitas.ch\/fr\/wp-json\/wp\/v2\/comments?post=6083"}],"version-history":[{"count":4,"href":"https:\/\/durabilitas.ch\/fr\/wp-json\/wp\/v2\/posts\/6083\/revisions"}],"predecessor-version":[{"id":6439,"href":"https:\/\/durabilitas.ch\/fr\/wp-json\/wp\/v2\/posts\/6083\/revisions\/6439"}],"wp:featuredmedia":[{"embeddable":true,"href":"https:\/\/durabilitas.ch\/fr\/wp-json\/wp\/v2\/media\/6082"}],"wp:attachment":[{"href":"https:\/\/durabilitas.ch\/fr\/wp-json\/wp\/v2\/media?parent=6083"}],"wp:term":[{"taxonomy":"category","embeddable":true,"href":"https:\/\/durabilitas.ch\/fr\/wp-json\/wp\/v2\/categories?post=6083"},{"taxonomy":"post_tag","embeddable":true,"href":"https:\/\/durabilitas.ch\/fr\/wp-json\/wp\/v2\/tags?post=6083"}],"curies":[{"name":"wp","href":"https:\/\/api.w.org\/{rel}","templated":true}]}}