{"id":5883,"date":"2025-11-26T09:41:20","date_gmt":"2025-11-26T09:41:20","guid":{"rendered":"https:\/\/durabilitas.ch\/?p=5883"},"modified":"2025-11-26T09:49:32","modified_gmt":"2025-11-26T09:49:32","slug":"cop-30-une-avancee-importante-le-bam","status":"publish","type":"post","link":"https:\/\/durabilitas.ch\/fr\/themes\/transition-juste\/cop-30-une-avancee-importante-le-bam\/","title":{"rendered":"COP 30 : Une avanc\u00e9e importante \u2013 le BAM"},"content":{"rendered":"\r\n<header id=\"header-block_45c5a20227586f38dac1efb06ac90211\" class=\"page-header has-no-image has-spacing--default\">\r\n\r\n    \r\n    <div class=\"page-header__content has-title-image--large\">\r\n\r\n        <div class=\"page-header__inner\">\r\n\r\n            <div class=\"page-header__category\">\r\n\r\n                <a href=\"https:\/\/durabilitas.ch\/fr\/category\/themes\/transition-juste\/\">Transition juste<\/a>\r\n            <\/div>\r\n\r\n            <div class=\"page-header__title\">\n\n<h1 class=\"wp-block-heading\">COP 30 : Une avanc\u00e9e importante \u2013 le BAM<\/h1>\n\n\n\n<p class=\"page-header__text\">En Suisse, on a beaucoup comment\u00e9 les nombreuses lacunes du texte issu de la COP30 au Br\u00e9sil. Si ces lacunes sont r\u00e9elles (sortie des \u00e9nergies fossiles, finance pour l\u2019adaptation\u2026), il faut aussi mentionner une avanc\u00e9e importante : le #BAM \u2013 Bel\u00e9m Action Mechanism for Global Just Transition.<\/p>\n\n<\/div>\r\n        <\/div>\r\n\r\n        \r\n                        <figure class=\"page-header__image\">\r\n                    <img loading=\"lazy\" decoding=\"async\" width=\"1080\" height=\"1350\" src=\"https:\/\/durabilitas.ch\/wp-content\/uploads\/2025\/11\/Just-Transition_COP-30-e1764150241188.png\" class=\"attachment-post-thumbnail size-post-thumbnail wp-post-image\" alt=\"\" \/>                <\/figure>\r\n        \r\n    <\/div><!-- .page-header__content -->\r\n\r\n            <a class=\"link-overview\" href=\"https:\/\/durabilitas.ch\/fr\/actualites\/\">\r\n            vue d&rsquo;ensemble        <\/a>\r\n    \r\n\r\n<\/header>\r\n\r\n\n\n\n<p class=\"wp-block-paragraph has-spacing--s\">Ce nouveau m\u00e9canisme vise \u00e0 permettre des transitions justes, \u00e9quitables et inclusives, qui respectent et promeuvent notamment les droits de l\u2019homme, les droits du travail, le droit \u00e0 un environnement sain, et les droits des populations vuln\u00e9rables.<\/p>\n\n\n\r\n<div id=\"button-block_1d319ab485c7449a204be63ac5e24821\" class=\"button-block has-spacing--default has-text-align-center\">\r\n    <a class=\"btn--background\" href=\"https:\/\/unfccc.int\/documents\/653888\" target=\"_blank\">\r\n        vers le BAM    <\/a>\r\n<\/div>\r\n\r\n\n\n\n<p class=\"wp-block-paragraph\">10 ans apr\u00e8s la mention de la transition juste dans l\u2019Accord de Paris, ce nouveau m\u00e9canisme constitue un grand pas en avant, m\u00eame si ses contours restent largement \u00e0 d\u00e9finir.<\/p>\n\n\n\n<p class=\"wp-block-paragraph has-spacing--s\">\u00c0 Durabilitas, nous sommes convaincus qu\u2019il faut articuler les enjeux de transition \u00e9cologique avec ceux de justice et d\u2019in\u00e9galit\u00e9s, tant au niveau local, r\u00e9gional, national, qu\u2019international. Nous continuerons \u00e0 \u0153uvrer en ce sens en Suisse ces prochaines ann\u00e9es.<\/p>\n\n\n\r\n<div id=\"button-block_45cfe42c0cda589a88985d3fd3f3fe41\" class=\"button-block has-spacing--default has-text-align-center\">\r\n    <a class=\"btn--background\" href=\"https:\/\/durabilitas.ch\/fr\/projets\/transition-juste\/\" target=\"_blank\">\r\n        vers le projet    <\/a>\r\n<\/div>\r\n\r\n","protected":false},"excerpt":{"rendered":"<p>En Suisse, on a beaucoup comment\u00e9 les nombreuses lacunes du texte issu de la COP30 &#8230;<\/p>\n","protected":false},"author":3,"featured_media":5880,"comment_status":"closed","ping_status":"closed","sticky":false,"template":"","format":"standard","meta":{"_acf_changed":false,"footnotes":""},"categories":[73,77],"tags":[],"class_list":["post-5883","post","type-post","status-publish","format-standard","has-post-thumbnail","hentry","category-transfert-de-connaissances","category-transition-juste"],"acf":[],"yoast_head":"<!-- This site is optimized with the Yoast SEO plugin v27.3 - https:\/\/yoast.com\/product\/yoast-seo-wordpress\/ -->\n<title>COP 30 : Une avanc\u00e9e importante \u2013 le BAM - Durabilitas<\/title>\n<meta name=\"description\" content=\"En Suisse, on a beaucoup comment\u00e9 les nombreuses lacunes du texte issu de la COP30. Mais il faut aussi mentionner une avanc\u00e9e importante.\" \/>\n<meta name=\"robots\" content=\"index, follow, max-snippet:-1, max-image-preview:large, max-video-preview:-1\" \/>\n<link rel=\"canonical\" href=\"https:\/\/durabilitas.ch\/fr\/themes\/transition-juste\/cop-30-une-avancee-importante-le-bam\/\" \/>\n<meta property=\"og:locale\" content=\"fr_FR\" \/>\n<meta property=\"og:type\" content=\"article\" \/>\n<meta property=\"og:title\" content=\"COP 30 : Une avanc\u00e9e importante \u2013 le BAM - Durabilitas\" \/>\n<meta property=\"og:description\" content=\"En Suisse, on a beaucoup comment\u00e9 les nombreuses lacunes du texte issu de la COP30. Mais il faut aussi mentionner une avanc\u00e9e importante.\" \/>\n<meta property=\"og:url\" content=\"https:\/\/durabilitas.ch\/fr\/themes\/transition-juste\/cop-30-une-avancee-importante-le-bam\/\" \/>\n<meta property=\"og:site_name\" content=\"Durabilitas\" \/>\n<meta property=\"article:published_time\" content=\"2025-11-26T09:41:20+00:00\" \/>\n<meta property=\"article:modified_time\" content=\"2025-11-26T09:49:32+00:00\" \/>\n<meta property=\"og:image\" content=\"https:\/\/durabilitas.ch\/wp-content\/uploads\/2025\/11\/Just-Transition_COP-30-819x1024.png\" \/>\n\t<meta property=\"og:image:width\" content=\"819\" \/>\n\t<meta property=\"og:image:height\" content=\"1024\" \/>\n\t<meta property=\"og:image:type\" content=\"image\/png\" \/>\n<meta name=\"author\" content=\"Heidi Schmidt\" \/>\n<meta name=\"twitter:card\" content=\"summary_large_image\" \/>\n<script type=\"application\/ld+json\" class=\"yoast-schema-graph\">{\"@context\":\"https:\\\/\\\/schema.org\",\"@graph\":[{\"@type\":\"Article\",\"@id\":\"https:\\\/\\\/durabilitas.ch\\\/fr\\\/themes\\\/transition-juste\\\/cop-30-une-avancee-importante-le-bam\\\/#article\",\"isPartOf\":{\"@id\":\"https:\\\/\\\/durabilitas.ch\\\/fr\\\/themes\\\/transition-juste\\\/cop-30-une-avancee-importante-le-bam\\\/\"},\"author\":{\"name\":\"Heidi Schmidt\",\"@id\":\"https:\\\/\\\/durabilitas.ch\\\/fr\\\/#\\\/schema\\\/person\\\/a59e0eb7e6593c7031b6d27dcfdbb67c\"},\"headline\":\"COP 30 : Une avanc\u00e9e importante \u2013 le BAM\",\"datePublished\":\"2025-11-26T09:41:20+00:00\",\"dateModified\":\"2025-11-26T09:49:32+00:00\",\"mainEntityOfPage\":{\"@id\":\"https:\\\/\\\/durabilitas.ch\\\/fr\\\/themes\\\/transition-juste\\\/cop-30-une-avancee-importante-le-bam\\\/\"},\"wordCount\":178,\"image\":{\"@id\":\"https:\\\/\\\/durabilitas.ch\\\/fr\\\/themes\\\/transition-juste\\\/cop-30-une-avancee-importante-le-bam\\\/#primaryimage\"},\"thumbnailUrl\":\"https:\\\/\\\/durabilitas.ch\\\/wp-content\\\/uploads\\\/2025\\\/11\\\/Just-Transition_COP-30-e1764150241188.png\",\"articleSection\":[\"Transfert de connaissances\",\"Transition juste\"],\"inLanguage\":\"fr-FR\"},{\"@type\":\"WebPage\",\"@id\":\"https:\\\/\\\/durabilitas.ch\\\/fr\\\/themes\\\/transition-juste\\\/cop-30-une-avancee-importante-le-bam\\\/\",\"url\":\"https:\\\/\\\/durabilitas.ch\\\/fr\\\/themes\\\/transition-juste\\\/cop-30-une-avancee-importante-le-bam\\\/\",\"name\":\"COP 30 : Une avanc\u00e9e importante \u2013 le BAM - Durabilitas\",\"isPartOf\":{\"@id\":\"https:\\\/\\\/durabilitas.ch\\\/fr\\\/#website\"},\"primaryImageOfPage\":{\"@id\":\"https:\\\/\\\/durabilitas.ch\\\/fr\\\/themes\\\/transition-juste\\\/cop-30-une-avancee-importante-le-bam\\\/#primaryimage\"},\"image\":{\"@id\":\"https:\\\/\\\/durabilitas.ch\\\/fr\\\/themes\\\/transition-juste\\\/cop-30-une-avancee-importante-le-bam\\\/#primaryimage\"},\"thumbnailUrl\":\"https:\\\/\\\/durabilitas.ch\\\/wp-content\\\/uploads\\\/2025\\\/11\\\/Just-Transition_COP-30-e1764150241188.png\",\"datePublished\":\"2025-11-26T09:41:20+00:00\",\"dateModified\":\"2025-11-26T09:49:32+00:00\",\"author\":{\"@id\":\"https:\\\/\\\/durabilitas.ch\\\/fr\\\/#\\\/schema\\\/person\\\/a59e0eb7e6593c7031b6d27dcfdbb67c\"},\"description\":\"En Suisse, on a beaucoup comment\u00e9 les nombreuses lacunes du texte issu de la COP30. Mais il faut aussi mentionner une avanc\u00e9e importante.\",\"breadcrumb\":{\"@id\":\"https:\\\/\\\/durabilitas.ch\\\/fr\\\/themes\\\/transition-juste\\\/cop-30-une-avancee-importante-le-bam\\\/#breadcrumb\"},\"inLanguage\":\"fr-FR\",\"potentialAction\":[{\"@type\":\"ReadAction\",\"target\":[\"https:\\\/\\\/durabilitas.ch\\\/fr\\\/themes\\\/transition-juste\\\/cop-30-une-avancee-importante-le-bam\\\/\"]}]},{\"@type\":\"ImageObject\",\"inLanguage\":\"fr-FR\",\"@id\":\"https:\\\/\\\/durabilitas.ch\\\/fr\\\/themes\\\/transition-juste\\\/cop-30-une-avancee-importante-le-bam\\\/#primaryimage\",\"url\":\"https:\\\/\\\/durabilitas.ch\\\/wp-content\\\/uploads\\\/2025\\\/11\\\/Just-Transition_COP-30-e1764150241188.png\",\"contentUrl\":\"https:\\\/\\\/durabilitas.ch\\\/wp-content\\\/uploads\\\/2025\\\/11\\\/Just-Transition_COP-30-e1764150241188.png\",\"width\":1080,\"height\":1350},{\"@type\":\"BreadcrumbList\",\"@id\":\"https:\\\/\\\/durabilitas.ch\\\/fr\\\/themes\\\/transition-juste\\\/cop-30-une-avancee-importante-le-bam\\\/#breadcrumb\",\"itemListElement\":[{\"@type\":\"ListItem\",\"position\":1,\"name\":\"Home\",\"item\":\"https:\\\/\\\/durabilitas.ch\\\/fr\\\/\"},{\"@type\":\"ListItem\",\"position\":2,\"name\":\"COP 30 : Une avanc\u00e9e importante \u2013 le BAM\"}]},{\"@type\":\"WebSite\",\"@id\":\"https:\\\/\\\/durabilitas.ch\\\/fr\\\/#website\",\"url\":\"https:\\\/\\\/durabilitas.ch\\\/fr\\\/\",\"name\":\"Durabilitas\",\"description\":\"\",\"potentialAction\":[{\"@type\":\"SearchAction\",\"target\":{\"@type\":\"EntryPoint\",\"urlTemplate\":\"https:\\\/\\\/durabilitas.ch\\\/fr\\\/?s={search_term_string}\"},\"query-input\":{\"@type\":\"PropertyValueSpecification\",\"valueRequired\":true,\"valueName\":\"search_term_string\"}}],\"inLanguage\":\"fr-FR\"},{\"@type\":\"Person\",\"@id\":\"https:\\\/\\\/durabilitas.ch\\\/fr\\\/#\\\/schema\\\/person\\\/a59e0eb7e6593c7031b6d27dcfdbb67c\",\"name\":\"Heidi Schmidt\",\"image\":{\"@type\":\"ImageObject\",\"inLanguage\":\"fr-FR\",\"@id\":\"https:\\\/\\\/secure.gravatar.com\\\/avatar\\\/4f5dd5e1a10fe8bc6a4fb0c7e6fc6374a43b828756778dd8df4915466e3f1b7e?s=96&d=mm&r=g\",\"url\":\"https:\\\/\\\/secure.gravatar.com\\\/avatar\\\/4f5dd5e1a10fe8bc6a4fb0c7e6fc6374a43b828756778dd8df4915466e3f1b7e?s=96&d=mm&r=g\",\"contentUrl\":\"https:\\\/\\\/secure.gravatar.com\\\/avatar\\\/4f5dd5e1a10fe8bc6a4fb0c7e6fc6374a43b828756778dd8df4915466e3f1b7e?s=96&d=mm&r=g\",\"caption\":\"Heidi Schmidt\"},\"sameAs\":[\"https:\\\/\\\/www.sanudurabilitas.ch\\\/\"],\"url\":\"https:\\\/\\\/durabilitas.ch\\\/fr\\\/author\\\/heidi_schmidt\\\/\"}]}<\/script>\n<!-- \/ Yoast SEO plugin. -->","yoast_head_json":{"title":"COP 30 : Une avanc\u00e9e importante \u2013 le BAM - Durabilitas","description":"En Suisse, on a beaucoup comment\u00e9 les nombreuses lacunes du texte issu de la COP30. Mais il faut aussi mentionner une avanc\u00e9e importante.","robots":{"index":"index","follow":"follow","max-snippet":"max-snippet:-1","max-image-preview":"max-image-preview:large","max-video-preview":"max-video-preview:-1"},"canonical":"https:\/\/durabilitas.ch\/fr\/themes\/transition-juste\/cop-30-une-avancee-importante-le-bam\/","og_locale":"fr_FR","og_type":"article","og_title":"COP 30 : Une avanc\u00e9e importante \u2013 le BAM - Durabilitas","og_description":"En Suisse, on a beaucoup comment\u00e9 les nombreuses lacunes du texte issu de la COP30. Mais il faut aussi mentionner une avanc\u00e9e importante.","og_url":"https:\/\/durabilitas.ch\/fr\/themes\/transition-juste\/cop-30-une-avancee-importante-le-bam\/","og_site_name":"Durabilitas","article_published_time":"2025-11-26T09:41:20+00:00","article_modified_time":"2025-11-26T09:49:32+00:00","og_image":[{"width":819,"height":1024,"url":"https:\/\/durabilitas.ch\/wp-content\/uploads\/2025\/11\/Just-Transition_COP-30-819x1024.png","type":"image\/png"}],"author":"Heidi Schmidt","twitter_card":"summary_large_image","schema":{"@context":"https:\/\/schema.org","@graph":[{"@type":"Article","@id":"https:\/\/durabilitas.ch\/fr\/themes\/transition-juste\/cop-30-une-avancee-importante-le-bam\/#article","isPartOf":{"@id":"https:\/\/durabilitas.ch\/fr\/themes\/transition-juste\/cop-30-une-avancee-importante-le-bam\/"},"author":{"name":"Heidi Schmidt","@id":"https:\/\/durabilitas.ch\/fr\/#\/schema\/person\/a59e0eb7e6593c7031b6d27dcfdbb67c"},"headline":"COP 30 : Une avanc\u00e9e importante \u2013 le BAM","datePublished":"2025-11-26T09:41:20+00:00","dateModified":"2025-11-26T09:49:32+00:00","mainEntityOfPage":{"@id":"https:\/\/durabilitas.ch\/fr\/themes\/transition-juste\/cop-30-une-avancee-importante-le-bam\/"},"wordCount":178,"image":{"@id":"https:\/\/durabilitas.ch\/fr\/themes\/transition-juste\/cop-30-une-avancee-importante-le-bam\/#primaryimage"},"thumbnailUrl":"https:\/\/durabilitas.ch\/wp-content\/uploads\/2025\/11\/Just-Transition_COP-30-e1764150241188.png","articleSection":["Transfert de connaissances","Transition juste"],"inLanguage":"fr-FR"},{"@type":"WebPage","@id":"https:\/\/durabilitas.ch\/fr\/themes\/transition-juste\/cop-30-une-avancee-importante-le-bam\/","url":"https:\/\/durabilitas.ch\/fr\/themes\/transition-juste\/cop-30-une-avancee-importante-le-bam\/","name":"COP 30 : Une avanc\u00e9e importante \u2013 le BAM - Durabilitas","isPartOf":{"@id":"https:\/\/durabilitas.ch\/fr\/#website"},"primaryImageOfPage":{"@id":"https:\/\/durabilitas.ch\/fr\/themes\/transition-juste\/cop-30-une-avancee-importante-le-bam\/#primaryimage"},"image":{"@id":"https:\/\/durabilitas.ch\/fr\/themes\/transition-juste\/cop-30-une-avancee-importante-le-bam\/#primaryimage"},"thumbnailUrl":"https:\/\/durabilitas.ch\/wp-content\/uploads\/2025\/11\/Just-Transition_COP-30-e1764150241188.png","datePublished":"2025-11-26T09:41:20+00:00","dateModified":"2025-11-26T09:49:32+00:00","author":{"@id":"https:\/\/durabilitas.ch\/fr\/#\/schema\/person\/a59e0eb7e6593c7031b6d27dcfdbb67c"},"description":"En Suisse, on a beaucoup comment\u00e9 les nombreuses lacunes du texte issu de la COP30. Mais il faut aussi mentionner une avanc\u00e9e importante.","breadcrumb":{"@id":"https:\/\/durabilitas.ch\/fr\/themes\/transition-juste\/cop-30-une-avancee-importante-le-bam\/#breadcrumb"},"inLanguage":"fr-FR","potentialAction":[{"@type":"ReadAction","target":["https:\/\/durabilitas.ch\/fr\/themes\/transition-juste\/cop-30-une-avancee-importante-le-bam\/"]}]},{"@type":"ImageObject","inLanguage":"fr-FR","@id":"https:\/\/durabilitas.ch\/fr\/themes\/transition-juste\/cop-30-une-avancee-importante-le-bam\/#primaryimage","url":"https:\/\/durabilitas.ch\/wp-content\/uploads\/2025\/11\/Just-Transition_COP-30-e1764150241188.png","contentUrl":"https:\/\/durabilitas.ch\/wp-content\/uploads\/2025\/11\/Just-Transition_COP-30-e1764150241188.png","width":1080,"height":1350},{"@type":"BreadcrumbList","@id":"https:\/\/durabilitas.ch\/fr\/themes\/transition-juste\/cop-30-une-avancee-importante-le-bam\/#breadcrumb","itemListElement":[{"@type":"ListItem","position":1,"name":"Home","item":"https:\/\/durabilitas.ch\/fr\/"},{"@type":"ListItem","position":2,"name":"COP 30 : Une avanc\u00e9e importante \u2013 le BAM"}]},{"@type":"WebSite","@id":"https:\/\/durabilitas.ch\/fr\/#website","url":"https:\/\/durabilitas.ch\/fr\/","name":"Durabilitas","description":"","potentialAction":[{"@type":"SearchAction","target":{"@type":"EntryPoint","urlTemplate":"https:\/\/durabilitas.ch\/fr\/?s={search_term_string}"},"query-input":{"@type":"PropertyValueSpecification","valueRequired":true,"valueName":"search_term_string"}}],"inLanguage":"fr-FR"},{"@type":"Person","@id":"https:\/\/durabilitas.ch\/fr\/#\/schema\/person\/a59e0eb7e6593c7031b6d27dcfdbb67c","name":"Heidi Schmidt","image":{"@type":"ImageObject","inLanguage":"fr-FR","@id":"https:\/\/secure.gravatar.com\/avatar\/4f5dd5e1a10fe8bc6a4fb0c7e6fc6374a43b828756778dd8df4915466e3f1b7e?s=96&d=mm&r=g","url":"https:\/\/secure.gravatar.com\/avatar\/4f5dd5e1a10fe8bc6a4fb0c7e6fc6374a43b828756778dd8df4915466e3f1b7e?s=96&d=mm&r=g","contentUrl":"https:\/\/secure.gravatar.com\/avatar\/4f5dd5e1a10fe8bc6a4fb0c7e6fc6374a43b828756778dd8df4915466e3f1b7e?s=96&d=mm&r=g","caption":"Heidi Schmidt"},"sameAs":["https:\/\/www.sanudurabilitas.ch\/"],"url":"https:\/\/durabilitas.ch\/fr\/author\/heidi_schmidt\/"}]}},"_links":{"self":[{"href":"https:\/\/durabilitas.ch\/fr\/wp-json\/wp\/v2\/posts\/5883","targetHints":{"allow":["GET"]}}],"collection":[{"href":"https:\/\/durabilitas.ch\/fr\/wp-json\/wp\/v2\/posts"}],"about":[{"href":"https:\/\/durabilitas.ch\/fr\/wp-json\/wp\/v2\/types\/post"}],"author":[{"embeddable":true,"href":"https:\/\/durabilitas.ch\/fr\/wp-json\/wp\/v2\/users\/3"}],"replies":[{"embeddable":true,"href":"https:\/\/durabilitas.ch\/fr\/wp-json\/wp\/v2\/comments?post=5883"}],"version-history":[{"count":1,"href":"https:\/\/durabilitas.ch\/fr\/wp-json\/wp\/v2\/posts\/5883\/revisions"}],"predecessor-version":[{"id":5884,"href":"https:\/\/durabilitas.ch\/fr\/wp-json\/wp\/v2\/posts\/5883\/revisions\/5884"}],"wp:featuredmedia":[{"embeddable":true,"href":"https:\/\/durabilitas.ch\/fr\/wp-json\/wp\/v2\/media\/5880"}],"wp:attachment":[{"href":"https:\/\/durabilitas.ch\/fr\/wp-json\/wp\/v2\/media?parent=5883"}],"wp:term":[{"taxonomy":"category","embeddable":true,"href":"https:\/\/durabilitas.ch\/fr\/wp-json\/wp\/v2\/categories?post=5883"},{"taxonomy":"post_tag","embeddable":true,"href":"https:\/\/durabilitas.ch\/fr\/wp-json\/wp\/v2\/tags?post=5883"}],"curies":[{"name":"wp","href":"https:\/\/api.w.org\/{rel}","templated":true}]}}