{"id":5874,"date":"2025-11-13T08:35:00","date_gmt":"2025-11-13T08:35:00","guid":{"rendered":"https:\/\/durabilitas.ch\/?p=5874"},"modified":"2025-11-25T08:49:41","modified_gmt":"2025-11-25T08:49:41","slug":"offre-demploi-co-direction","status":"publish","type":"post","link":"https:\/\/durabilitas.ch\/fr\/themes\/autre\/offre-demploi-co-direction\/","title":{"rendered":"Offre d&#8217;emploi\u00a0: co-direction"},"content":{"rendered":"\r\n<header id=\"header-block_3165e7fcbf5aff28e8f316e1f7409e7a\" class=\"page-header has-no-image has-spacing--default\">\r\n\r\n    \r\n    <div class=\"page-header__content has-title-image--large\">\r\n\r\n        <div class=\"page-header__inner\">\r\n\r\n            <div class=\"page-header__category\">\r\n\r\n                <a href=\"https:\/\/durabilitas.ch\/fr\/category\/themes\/autre\/\">Autre<\/a>\r\n            <\/div>\r\n\r\n            <div class=\"page-header__title\">\n\n<h1 class=\"wp-block-heading\">Offre d&#8217;emploi\u00a0: co-direction (40%)<\/h1>\n\n\n\n<p class=\"page-header__text\">Pour\u00a0compl\u00e9ter\u00a0notre secr\u00e9tariat \u00e0 Bienne, nous recherchons pour le\u00a01<sup>er<\/sup>\u00a0avril\u00a02026\u00a0ou \u00e0 convenir une personne engag\u00e9e, exp\u00e9riment\u00e9e et faisant preuve d&rsquo;initiative pour occuper le poste de Co-Direction\u00a0(40 %) en\u00a0charge du domaine\u00a0\u00ab\u00a0Finances, personnel et\u00a0fundraising\u00a0\u00bb.<\/p>\n\n<\/div>\r\n        <\/div>\r\n\r\n        \r\n                        <figure class=\"page-header__image\">\r\n                    <img loading=\"lazy\" decoding=\"async\" width=\"240\" height=\"266\" src=\"https:\/\/durabilitas.ch\/wp-content\/uploads\/2025\/04\/Verlauf-Keyvisual_2.jpeg\" class=\"attachment-post-thumbnail size-post-thumbnail wp-post-image\" alt=\"\" \/>                <\/figure>\r\n        \r\n    <\/div><!-- .page-header__content -->\r\n\r\n            <a class=\"link-overview\" href=\"https:\/\/durabilitas.ch\/fr\/actualites\/\">\r\n            vue d&rsquo;ensemble        <\/a>\r\n    \r\n\r\n<\/header>\r\n\r\n\n\n\n<p class=\"wp-block-paragraph\"><em>Les\u00a0domaines\u00a0de responsabilit\u00e9\u00a0comprennent\u00a0:\u00a0<\/em><\/p>\n\n\n\n<ul class=\"wp-block-list\">\n<li>Gestion financi\u00e8re\u00a0: tenue de la comptabilit\u00e9 en collaboration avec une collaboratrice administrative\u00a0; contr\u00f4le financier \u00e0 l&rsquo;interface entre les charg\u00e9.es\u00a0des projets et le conseil de fondation\u00a0;\u00a0gestion des contrats avec les bailleurs de fonds\u00a0;\u00a0planification financi\u00e8re strat\u00e9gique.\u00a0<\/li>\n\n\n\n<li>Gestion du personnel\u00a0: planification des ressources\u00a0;\u00a0administration du personnel et gestion des assurances\u00a0;\u00a0d\u00e9veloppement du personnel.\u00a0<\/li>\n\n\n\n<li>Fundraising\u00a0institutionnel\u00a0: prospection\u00a0autonome\u00a0et soutien\u00a0aux\u00a0chef.fes\u00a0de projets\u00a0pour les questions administratives, financi\u00e8res ou contractuelles\u00a0autour des projets.<\/li>\n<\/ul>\n\n\n\n<p class=\"wp-block-paragraph\"><em>Nous recherchons une personne\u00a0qui\u00a0:\u00a0<\/em><\/p>\n\n\n\n<ul class=\"wp-block-list\">\n<li>Dispose de\u00a0plusieurs ann\u00e9es d\u2019exp\u00e9rience dans la gestion des ressources (finances, personnel,\u00a0planification budg\u00e9taire\u00a0li\u00e9es aux\u00a0projets).\u00a0<\/li>\n\n\n\n<li>Poss\u00e8de\u00a0plusieurs ann\u00e9es d\u2019exp\u00e9rience\u00a0en administration\u00a0et en gestion\u00a0directe du personnel.\u00a0<\/li>\n\n\n\n<li>Fait preuve d\u2019un sens aigu de l\u2019organisation, de la coordination, ainsi que d\u2019une capacit\u00e9 \u00e0 mettre\u00a0en place de conditions-cadres\u00a0optimales pour le\u00a0travail de\u00a0projet.\u00a0<\/li>\n\n\n\n<li>B\u00e9n\u00e9ficie d\u2019une solide exp\u00e9rience et d\u2019un large r\u00e9seau dans le domaine du\u00a0fundraising\u00a0institutionnel.\u00a0\u00a0<\/li>\n\n\n\n<li>S\u2019identifie pleinement avec nos th\u00e8mes prioritaires.\u00a0\u00a0<\/li>\n\n\n\n<li>Ma\u00eetrise tr\u00e8s bien l\u2019allemand et le fran\u00e7ais\u00a0comme\u00a0langues de travail.<\/li>\n<\/ul>\n\n\n\n<p class=\"wp-block-paragraph\">Nous sommes une petite \u00e9quipe hautement motiv\u00e9e et agile, et nous nous r\u00e9jouissons d\u2019accueillir une nouvelle ou un nouveau coll\u00e8gue\u00a0pour co-diriger la Fondation\u00a0Durabilitas, poursuivre son d\u00e9veloppement et renforcer son assise financi\u00e8re.\u00a0Le second poste de\u00a0co-direction, en charge\u00a0du domaine \u00ab\u202fRelations ext\u00e9rieures et collaboration\u202f\u00bb, sera pourvu dans le cadre d\u2019un changement de fonction interne. Id\u00e9alement, le nouveau duo reprendra\u00a0les responsabilit\u00e9s de la directrice actuelle\u00a0\u00e0 compter du\u00a01<sup>er<\/sup>\u00a0avril 2026.\u00a0<\/p>\n\n\n\n<p class=\"wp-block-paragraph\"><strong>Nous offrons\u00a0:<\/strong><\/p>\n\n\n\n<ul class=\"wp-block-list\">\n<li>des\u00a0horaires de travail et des lieux de travail flexibles\u00a0;\u00a0<\/li>\n\n\n\n<li>un\u00a0bureau central situ\u00e9 au c\u0153ur de la ville de Bienne\u00a0;\u00a0<\/li>\n\n\n\n<li>des\u00a0th\u00e9matiques de projets passionnantes et innovantes.<\/li>\n<\/ul>\n\n\n\n<p class=\"wp-block-paragraph has-spacing--s\">Processus de recrutement\u00a0:<strong>\u00a0<\/strong>Merci d\u2019envoyer votre candidature, incluant vos attentes salariales, d\u2019ici au 4 janvier 2026 \u00e0\u00a0<a href=\"mailto:christa.luginb%C3%BChl@durabilitas.ch\" target=\"_blank\" rel=\"noreferrer noopener\">christa.luginb\u00fchl@durabilitas.ch<\/a>.\u00a0Les premiers entretiens auront lieu le 19 janvier 2026 (en ligne) et les seconds entretiens le 28\u00a0janvier 2026 \u00e0 Bienne.\u00a0Pour toute question concernant le poste ou le processus de recrutement, vous pouvez contacter\u00a0Christa\u00a0Luginb\u00fchl, directrice de\u00a0Durabilitas.\u00a0<\/p>\n\n\n\r\n<div id=\"button-block_cfae4e0daa9be08a22fd6e3a16488464\" class=\"button-block has-spacing--default has-text-align-center\">\r\n    <a class=\"btn--background\" href=\"https:\/\/durabilitas.ch\/wp-content\/uploads\/2025\/11\/Mise-au-concours_Co-direction_Durabilitas.pdf\" target=\"_blank\">\r\n        vers l&#039;offre d&#039;emploi (pdf)    <\/a>\r\n<\/div>\r\n\r\n","protected":false},"excerpt":{"rendered":"<p>Pour\u00a0compl\u00e9ter\u00a0notre secr\u00e9tariat \u00e0 Bienne, nous recherchons pour le\u00a01er\u00a0avril\u00a02026\u00a0ou \u00e0 convenir une personne engag\u00e9e, exp\u00e9riment\u00e9e et &#8230;<\/p>\n","protected":false},"author":3,"featured_media":2564,"comment_status":"closed","ping_status":"closed","sticky":false,"template":"","format":"standard","meta":{"_acf_changed":false,"footnotes":""},"categories":[79],"tags":[],"class_list":["post-5874","post","type-post","status-publish","format-standard","has-post-thumbnail","hentry","category-autre"],"acf":[],"yoast_head":"<!-- This site is optimized with the Yoast SEO plugin v27.3 - https:\/\/yoast.com\/product\/yoast-seo-wordpress\/ -->\n<title>Offre d&#039;emploi\u00a0: co-direction - Durabilitas<\/title>\n<meta name=\"description\" content=\"Pour compl\u00e9ter notre secr\u00e9tariat \u00e0 Bienne, nous recherchons une personne engag\u00e9e, exp\u00e9riment\u00e9e et faisant preuve d&#039;initiative.\" \/>\n<meta name=\"robots\" content=\"index, follow, max-snippet:-1, max-image-preview:large, max-video-preview:-1\" \/>\n<link rel=\"canonical\" href=\"https:\/\/durabilitas.ch\/fr\/themes\/autre\/offre-demploi-co-direction\/\" \/>\n<meta property=\"og:locale\" content=\"fr_FR\" \/>\n<meta property=\"og:type\" content=\"article\" \/>\n<meta property=\"og:title\" content=\"Offre d&#039;emploi\u00a0: co-direction - Durabilitas\" \/>\n<meta property=\"og:description\" content=\"Pour compl\u00e9ter notre secr\u00e9tariat \u00e0 Bienne, nous recherchons une personne engag\u00e9e, exp\u00e9riment\u00e9e et faisant preuve d&#039;initiative.\" \/>\n<meta property=\"og:url\" content=\"https:\/\/durabilitas.ch\/fr\/themes\/autre\/offre-demploi-co-direction\/\" \/>\n<meta property=\"og:site_name\" content=\"Durabilitas\" \/>\n<meta property=\"article:published_time\" content=\"2025-11-13T08:35:00+00:00\" \/>\n<meta property=\"article:modified_time\" content=\"2025-11-25T08:49:41+00:00\" \/>\n<meta property=\"og:image\" content=\"https:\/\/durabilitas.ch\/wp-content\/uploads\/2025\/04\/Verlauf-Keyvisual_2.jpeg\" \/>\n\t<meta property=\"og:image:width\" content=\"240\" \/>\n\t<meta property=\"og:image:height\" content=\"266\" \/>\n\t<meta property=\"og:image:type\" content=\"image\/jpeg\" \/>\n<meta name=\"author\" content=\"Heidi Schmidt\" \/>\n<meta name=\"twitter:card\" content=\"summary_large_image\" \/>\n<script type=\"application\/ld+json\" class=\"yoast-schema-graph\">{\"@context\":\"https:\\\/\\\/schema.org\",\"@graph\":[{\"@type\":\"Article\",\"@id\":\"https:\\\/\\\/durabilitas.ch\\\/fr\\\/themes\\\/autre\\\/offre-demploi-co-direction\\\/#article\",\"isPartOf\":{\"@id\":\"https:\\\/\\\/durabilitas.ch\\\/fr\\\/themes\\\/autre\\\/offre-demploi-co-direction\\\/\"},\"author\":{\"name\":\"Heidi Schmidt\",\"@id\":\"https:\\\/\\\/durabilitas.ch\\\/fr\\\/#\\\/schema\\\/person\\\/a59e0eb7e6593c7031b6d27dcfdbb67c\"},\"headline\":\"Offre d&#8217;emploi\u00a0: co-direction\",\"datePublished\":\"2025-11-13T08:35:00+00:00\",\"dateModified\":\"2025-11-25T08:49:41+00:00\",\"mainEntityOfPage\":{\"@id\":\"https:\\\/\\\/durabilitas.ch\\\/fr\\\/themes\\\/autre\\\/offre-demploi-co-direction\\\/\"},\"wordCount\":419,\"image\":{\"@id\":\"https:\\\/\\\/durabilitas.ch\\\/fr\\\/themes\\\/autre\\\/offre-demploi-co-direction\\\/#primaryimage\"},\"thumbnailUrl\":\"https:\\\/\\\/durabilitas.ch\\\/wp-content\\\/uploads\\\/2025\\\/04\\\/Verlauf-Keyvisual_2.jpeg\",\"articleSection\":[\"Autre\"],\"inLanguage\":\"fr-FR\"},{\"@type\":\"WebPage\",\"@id\":\"https:\\\/\\\/durabilitas.ch\\\/fr\\\/themes\\\/autre\\\/offre-demploi-co-direction\\\/\",\"url\":\"https:\\\/\\\/durabilitas.ch\\\/fr\\\/themes\\\/autre\\\/offre-demploi-co-direction\\\/\",\"name\":\"Offre d'emploi\u00a0: co-direction - Durabilitas\",\"isPartOf\":{\"@id\":\"https:\\\/\\\/durabilitas.ch\\\/fr\\\/#website\"},\"primaryImageOfPage\":{\"@id\":\"https:\\\/\\\/durabilitas.ch\\\/fr\\\/themes\\\/autre\\\/offre-demploi-co-direction\\\/#primaryimage\"},\"image\":{\"@id\":\"https:\\\/\\\/durabilitas.ch\\\/fr\\\/themes\\\/autre\\\/offre-demploi-co-direction\\\/#primaryimage\"},\"thumbnailUrl\":\"https:\\\/\\\/durabilitas.ch\\\/wp-content\\\/uploads\\\/2025\\\/04\\\/Verlauf-Keyvisual_2.jpeg\",\"datePublished\":\"2025-11-13T08:35:00+00:00\",\"dateModified\":\"2025-11-25T08:49:41+00:00\",\"author\":{\"@id\":\"https:\\\/\\\/durabilitas.ch\\\/fr\\\/#\\\/schema\\\/person\\\/a59e0eb7e6593c7031b6d27dcfdbb67c\"},\"description\":\"Pour compl\u00e9ter notre secr\u00e9tariat \u00e0 Bienne, nous recherchons une personne engag\u00e9e, exp\u00e9riment\u00e9e et faisant preuve d'initiative.\",\"breadcrumb\":{\"@id\":\"https:\\\/\\\/durabilitas.ch\\\/fr\\\/themes\\\/autre\\\/offre-demploi-co-direction\\\/#breadcrumb\"},\"inLanguage\":\"fr-FR\",\"potentialAction\":[{\"@type\":\"ReadAction\",\"target\":[\"https:\\\/\\\/durabilitas.ch\\\/fr\\\/themes\\\/autre\\\/offre-demploi-co-direction\\\/\"]}]},{\"@type\":\"ImageObject\",\"inLanguage\":\"fr-FR\",\"@id\":\"https:\\\/\\\/durabilitas.ch\\\/fr\\\/themes\\\/autre\\\/offre-demploi-co-direction\\\/#primaryimage\",\"url\":\"https:\\\/\\\/durabilitas.ch\\\/wp-content\\\/uploads\\\/2025\\\/04\\\/Verlauf-Keyvisual_2.jpeg\",\"contentUrl\":\"https:\\\/\\\/durabilitas.ch\\\/wp-content\\\/uploads\\\/2025\\\/04\\\/Verlauf-Keyvisual_2.jpeg\",\"width\":240,\"height\":266},{\"@type\":\"BreadcrumbList\",\"@id\":\"https:\\\/\\\/durabilitas.ch\\\/fr\\\/themes\\\/autre\\\/offre-demploi-co-direction\\\/#breadcrumb\",\"itemListElement\":[{\"@type\":\"ListItem\",\"position\":1,\"name\":\"Home\",\"item\":\"https:\\\/\\\/durabilitas.ch\\\/fr\\\/\"},{\"@type\":\"ListItem\",\"position\":2,\"name\":\"Offre d&#8217;emploi\u00a0: co-direction\"}]},{\"@type\":\"WebSite\",\"@id\":\"https:\\\/\\\/durabilitas.ch\\\/fr\\\/#website\",\"url\":\"https:\\\/\\\/durabilitas.ch\\\/fr\\\/\",\"name\":\"Durabilitas\",\"description\":\"\",\"potentialAction\":[{\"@type\":\"SearchAction\",\"target\":{\"@type\":\"EntryPoint\",\"urlTemplate\":\"https:\\\/\\\/durabilitas.ch\\\/fr\\\/?s={search_term_string}\"},\"query-input\":{\"@type\":\"PropertyValueSpecification\",\"valueRequired\":true,\"valueName\":\"search_term_string\"}}],\"inLanguage\":\"fr-FR\"},{\"@type\":\"Person\",\"@id\":\"https:\\\/\\\/durabilitas.ch\\\/fr\\\/#\\\/schema\\\/person\\\/a59e0eb7e6593c7031b6d27dcfdbb67c\",\"name\":\"Heidi Schmidt\",\"image\":{\"@type\":\"ImageObject\",\"inLanguage\":\"fr-FR\",\"@id\":\"https:\\\/\\\/secure.gravatar.com\\\/avatar\\\/4f5dd5e1a10fe8bc6a4fb0c7e6fc6374a43b828756778dd8df4915466e3f1b7e?s=96&d=mm&r=g\",\"url\":\"https:\\\/\\\/secure.gravatar.com\\\/avatar\\\/4f5dd5e1a10fe8bc6a4fb0c7e6fc6374a43b828756778dd8df4915466e3f1b7e?s=96&d=mm&r=g\",\"contentUrl\":\"https:\\\/\\\/secure.gravatar.com\\\/avatar\\\/4f5dd5e1a10fe8bc6a4fb0c7e6fc6374a43b828756778dd8df4915466e3f1b7e?s=96&d=mm&r=g\",\"caption\":\"Heidi Schmidt\"},\"sameAs\":[\"https:\\\/\\\/www.sanudurabilitas.ch\\\/\"],\"url\":\"https:\\\/\\\/durabilitas.ch\\\/fr\\\/author\\\/heidi_schmidt\\\/\"}]}<\/script>\n<!-- \/ Yoast SEO plugin. -->","yoast_head_json":{"title":"Offre d'emploi\u00a0: co-direction - Durabilitas","description":"Pour compl\u00e9ter notre secr\u00e9tariat \u00e0 Bienne, nous recherchons une personne engag\u00e9e, exp\u00e9riment\u00e9e et faisant preuve d'initiative.","robots":{"index":"index","follow":"follow","max-snippet":"max-snippet:-1","max-image-preview":"max-image-preview:large","max-video-preview":"max-video-preview:-1"},"canonical":"https:\/\/durabilitas.ch\/fr\/themes\/autre\/offre-demploi-co-direction\/","og_locale":"fr_FR","og_type":"article","og_title":"Offre d'emploi\u00a0: co-direction - Durabilitas","og_description":"Pour compl\u00e9ter notre secr\u00e9tariat \u00e0 Bienne, nous recherchons une personne engag\u00e9e, exp\u00e9riment\u00e9e et faisant preuve d'initiative.","og_url":"https:\/\/durabilitas.ch\/fr\/themes\/autre\/offre-demploi-co-direction\/","og_site_name":"Durabilitas","article_published_time":"2025-11-13T08:35:00+00:00","article_modified_time":"2025-11-25T08:49:41+00:00","og_image":[{"width":240,"height":266,"url":"https:\/\/durabilitas.ch\/wp-content\/uploads\/2025\/04\/Verlauf-Keyvisual_2.jpeg","type":"image\/jpeg"}],"author":"Heidi Schmidt","twitter_card":"summary_large_image","schema":{"@context":"https:\/\/schema.org","@graph":[{"@type":"Article","@id":"https:\/\/durabilitas.ch\/fr\/themes\/autre\/offre-demploi-co-direction\/#article","isPartOf":{"@id":"https:\/\/durabilitas.ch\/fr\/themes\/autre\/offre-demploi-co-direction\/"},"author":{"name":"Heidi Schmidt","@id":"https:\/\/durabilitas.ch\/fr\/#\/schema\/person\/a59e0eb7e6593c7031b6d27dcfdbb67c"},"headline":"Offre d&#8217;emploi\u00a0: co-direction","datePublished":"2025-11-13T08:35:00+00:00","dateModified":"2025-11-25T08:49:41+00:00","mainEntityOfPage":{"@id":"https:\/\/durabilitas.ch\/fr\/themes\/autre\/offre-demploi-co-direction\/"},"wordCount":419,"image":{"@id":"https:\/\/durabilitas.ch\/fr\/themes\/autre\/offre-demploi-co-direction\/#primaryimage"},"thumbnailUrl":"https:\/\/durabilitas.ch\/wp-content\/uploads\/2025\/04\/Verlauf-Keyvisual_2.jpeg","articleSection":["Autre"],"inLanguage":"fr-FR"},{"@type":"WebPage","@id":"https:\/\/durabilitas.ch\/fr\/themes\/autre\/offre-demploi-co-direction\/","url":"https:\/\/durabilitas.ch\/fr\/themes\/autre\/offre-demploi-co-direction\/","name":"Offre d'emploi\u00a0: co-direction - Durabilitas","isPartOf":{"@id":"https:\/\/durabilitas.ch\/fr\/#website"},"primaryImageOfPage":{"@id":"https:\/\/durabilitas.ch\/fr\/themes\/autre\/offre-demploi-co-direction\/#primaryimage"},"image":{"@id":"https:\/\/durabilitas.ch\/fr\/themes\/autre\/offre-demploi-co-direction\/#primaryimage"},"thumbnailUrl":"https:\/\/durabilitas.ch\/wp-content\/uploads\/2025\/04\/Verlauf-Keyvisual_2.jpeg","datePublished":"2025-11-13T08:35:00+00:00","dateModified":"2025-11-25T08:49:41+00:00","author":{"@id":"https:\/\/durabilitas.ch\/fr\/#\/schema\/person\/a59e0eb7e6593c7031b6d27dcfdbb67c"},"description":"Pour compl\u00e9ter notre secr\u00e9tariat \u00e0 Bienne, nous recherchons une personne engag\u00e9e, exp\u00e9riment\u00e9e et faisant preuve d'initiative.","breadcrumb":{"@id":"https:\/\/durabilitas.ch\/fr\/themes\/autre\/offre-demploi-co-direction\/#breadcrumb"},"inLanguage":"fr-FR","potentialAction":[{"@type":"ReadAction","target":["https:\/\/durabilitas.ch\/fr\/themes\/autre\/offre-demploi-co-direction\/"]}]},{"@type":"ImageObject","inLanguage":"fr-FR","@id":"https:\/\/durabilitas.ch\/fr\/themes\/autre\/offre-demploi-co-direction\/#primaryimage","url":"https:\/\/durabilitas.ch\/wp-content\/uploads\/2025\/04\/Verlauf-Keyvisual_2.jpeg","contentUrl":"https:\/\/durabilitas.ch\/wp-content\/uploads\/2025\/04\/Verlauf-Keyvisual_2.jpeg","width":240,"height":266},{"@type":"BreadcrumbList","@id":"https:\/\/durabilitas.ch\/fr\/themes\/autre\/offre-demploi-co-direction\/#breadcrumb","itemListElement":[{"@type":"ListItem","position":1,"name":"Home","item":"https:\/\/durabilitas.ch\/fr\/"},{"@type":"ListItem","position":2,"name":"Offre d&#8217;emploi\u00a0: co-direction"}]},{"@type":"WebSite","@id":"https:\/\/durabilitas.ch\/fr\/#website","url":"https:\/\/durabilitas.ch\/fr\/","name":"Durabilitas","description":"","potentialAction":[{"@type":"SearchAction","target":{"@type":"EntryPoint","urlTemplate":"https:\/\/durabilitas.ch\/fr\/?s={search_term_string}"},"query-input":{"@type":"PropertyValueSpecification","valueRequired":true,"valueName":"search_term_string"}}],"inLanguage":"fr-FR"},{"@type":"Person","@id":"https:\/\/durabilitas.ch\/fr\/#\/schema\/person\/a59e0eb7e6593c7031b6d27dcfdbb67c","name":"Heidi Schmidt","image":{"@type":"ImageObject","inLanguage":"fr-FR","@id":"https:\/\/secure.gravatar.com\/avatar\/4f5dd5e1a10fe8bc6a4fb0c7e6fc6374a43b828756778dd8df4915466e3f1b7e?s=96&d=mm&r=g","url":"https:\/\/secure.gravatar.com\/avatar\/4f5dd5e1a10fe8bc6a4fb0c7e6fc6374a43b828756778dd8df4915466e3f1b7e?s=96&d=mm&r=g","contentUrl":"https:\/\/secure.gravatar.com\/avatar\/4f5dd5e1a10fe8bc6a4fb0c7e6fc6374a43b828756778dd8df4915466e3f1b7e?s=96&d=mm&r=g","caption":"Heidi Schmidt"},"sameAs":["https:\/\/www.sanudurabilitas.ch\/"],"url":"https:\/\/durabilitas.ch\/fr\/author\/heidi_schmidt\/"}]}},"_links":{"self":[{"href":"https:\/\/durabilitas.ch\/fr\/wp-json\/wp\/v2\/posts\/5874","targetHints":{"allow":["GET"]}}],"collection":[{"href":"https:\/\/durabilitas.ch\/fr\/wp-json\/wp\/v2\/posts"}],"about":[{"href":"https:\/\/durabilitas.ch\/fr\/wp-json\/wp\/v2\/types\/post"}],"author":[{"embeddable":true,"href":"https:\/\/durabilitas.ch\/fr\/wp-json\/wp\/v2\/users\/3"}],"replies":[{"embeddable":true,"href":"https:\/\/durabilitas.ch\/fr\/wp-json\/wp\/v2\/comments?post=5874"}],"version-history":[{"count":1,"href":"https:\/\/durabilitas.ch\/fr\/wp-json\/wp\/v2\/posts\/5874\/revisions"}],"predecessor-version":[{"id":5875,"href":"https:\/\/durabilitas.ch\/fr\/wp-json\/wp\/v2\/posts\/5874\/revisions\/5875"}],"wp:featuredmedia":[{"embeddable":true,"href":"https:\/\/durabilitas.ch\/fr\/wp-json\/wp\/v2\/media\/2564"}],"wp:attachment":[{"href":"https:\/\/durabilitas.ch\/fr\/wp-json\/wp\/v2\/media?parent=5874"}],"wp:term":[{"taxonomy":"category","embeddable":true,"href":"https:\/\/durabilitas.ch\/fr\/wp-json\/wp\/v2\/categories?post=5874"},{"taxonomy":"post_tag","embeddable":true,"href":"https:\/\/durabilitas.ch\/fr\/wp-json\/wp\/v2\/tags?post=5874"}],"curies":[{"name":"wp","href":"https:\/\/api.w.org\/{rel}","templated":true}]}}