{"id":5857,"date":"2025-11-24T12:53:05","date_gmt":"2025-11-24T12:53:05","guid":{"rendered":"https:\/\/durabilitas.ch\/?p=5857"},"modified":"2025-11-24T15:36:19","modified_gmt":"2025-11-24T15:36:19","slug":"les-sols-et-lamenagement-du-territoire-sous-langle-du-droit","status":"publish","type":"post","link":"https:\/\/durabilitas.ch\/fr\/themes\/sante-des-sols\/les-sols-et-lamenagement-du-territoire-sous-langle-du-droit\/","title":{"rendered":"Les sols et l\u2019am\u00e9nagement du territoire sous l\u2019angle du droit"},"content":{"rendered":"\r\n<header id=\"header-block_b849688bedc78800f8a8c103ae253359\" class=\"page-header has-no-image has-spacing--default\">\r\n\r\n    \r\n    <div class=\"page-header__content has-title-image--large\">\r\n\r\n        <div class=\"page-header__inner\">\r\n\r\n            <div class=\"page-header__category\">\r\n\r\n                <a href=\"https:\/\/durabilitas.ch\/fr\/category\/themes\/sante-des-sols\/\">Sant\u00e9 des sols<\/a>\r\n            <\/div>\r\n\r\n            <div class=\"page-header__title\">\n\n<h1 class=\"wp-block-heading\">Les sols et l\u2019am\u00e9nagement du territoire sous l\u2019angle du droit<\/h1>\n\n\n\n<p class=\"page-header__text\">Quel est la marge de man\u0153uvre juridique pour la pr\u00e9servation des sols suisses\u00a0? Cette question \u00e9tait au c\u0153ur de la formation continue en droit de l&rsquo;environnement \u00ab\u00a0Sols et am\u00e9nagement du territoire\u00a0\u00bb organis\u00e9e par l&rsquo;universit\u00e9 de Neuch\u00e2tel fin octobre 2025. Notre\u00a0charg\u00e9e de projet Carole\u00a0a\u00a0transmis notre savoir en la mati\u00e8re.\u00a0<\/p>\n\n<\/div>\r\n        <\/div>\r\n\r\n        \r\n                        <figure class=\"page-header__image\">\r\n                    <img loading=\"lazy\" decoding=\"async\" width=\"1000\" height=\"1107\" src=\"https:\/\/durabilitas.ch\/wp-content\/uploads\/2025\/11\/Bodenqi_Carole_Imhof_uni_neuenburg.jpg\" class=\"attachment-post-thumbnail size-post-thumbnail wp-post-image\" alt=\"\" srcset=\"https:\/\/durabilitas.ch\/wp-content\/uploads\/2025\/11\/Bodenqi_Carole_Imhof_uni_neuenburg.jpg 1000w, https:\/\/durabilitas.ch\/wp-content\/uploads\/2025\/11\/Bodenqi_Carole_Imhof_uni_neuenburg-271x300.jpg 271w, https:\/\/durabilitas.ch\/wp-content\/uploads\/2025\/11\/Bodenqi_Carole_Imhof_uni_neuenburg-925x1024.jpg 925w, https:\/\/durabilitas.ch\/wp-content\/uploads\/2025\/11\/Bodenqi_Carole_Imhof_uni_neuenburg-768x850.jpg 768w, https:\/\/durabilitas.ch\/wp-content\/uploads\/2025\/11\/Bodenqi_Carole_Imhof_uni_neuenburg-470x520.jpg 470w\" sizes=\"auto, (max-width: 1000px) 100vw, 1000px\" \/>                <\/figure>\r\n        \r\n    <\/div><!-- .page-header__content -->\r\n\r\n            <a class=\"link-overview\" href=\"https:\/\/durabilitas.ch\/fr\/actualites\/\">\r\n            vue d&rsquo;ensemble        <\/a>\r\n    \r\n\r\n<\/header>\r\n\r\n\n\n\n<p class=\"wp-block-paragraph has-spacing--s\">Du g\u00e2teau moelleux grandissant d\u2019un centim\u00e8tre par si\u00e8cle \u00e0 celle de la ville qui respire, notre charg\u00e9e de projet a us\u00e9 de moult m\u00e9taphores pour souligner la valeur de sols en bonne sant\u00e9. Face \u00e0 elle, une petite dizaine de participant.es, principalement des juristes des administrations de villes ou de cantons. Au centre du cours \u00ab&nbsp;Sols et am\u00e9nagement du territoire \u2013 Fonctions multiples et Indice de qualit\u00e9 des sols (IQSols)&nbsp;\u00bb, un enjeu&nbsp;: expliquer pourquoi les \u00ab&nbsp;vrais&nbsp;\u00bb sols \u2013 les sols vivants, \u00e0 m\u00eame d\u2019assumer leurs fonctions \u2013 doivent faire partie de la pes\u00e9e des int\u00e9r\u00eats lors des planification. La matin\u00e9e s&rsquo;est attach\u00e9e \u00e0 transmettre un savoir de base sur les sols et \u00e0 donner un aper\u00e7u des bases juridiques en vigueur.<\/p>\n\n\n\n<h3 class=\"wp-block-heading has-spacing--default\">Des sols en bonne sant\u00e9 pour des espaces publics de qualit\u00e9<\/h3>\n\n\n\n<p class=\"wp-block-paragraph has-spacing--s\">Les r\u00e9flexions critiques des participant.es de l\u2019apr\u00e8s-midi ont nourri le d\u00e9bat sur l\u2019impl\u00e9mentation d\u2019un indice de qualit\u00e9 des sols. Les participant.es ont notamment mis en avant le d\u00e9fi des sols en ville. Les zones urbaines accueillent nos infrastructures \u2013 une grande partie de la population y vit, travaille et s\u2019y d\u00e9place. Laisser une place \u00e0 des sols fonctionnels tout en assurant le d\u00e9veloppement urbain n\u2019est ainsi pas chose facile au premier abord. Gr\u00e2ce aux discussions, des pistes de solutions ont cependant \u00e9t\u00e9 identifi\u00e9es. La plus-value de sols en bonne sant\u00e9 est par exemple clairement visible pour des espaces publiques vivants et attrayants. Les sols y soutiennent une v\u00e9g\u00e9tation saine et luttent contre les \u00eelots de chaleur de mani\u00e8re beaucoup plus efficace que n\u2019importe quel rev\u00eatement artificiel. Le r\u00f4le des pouvoirs publics dans la pr\u00e9servation des sols a ainsi \u00e9t\u00e9 soulign\u00e9.<\/p>\n\n\n\n<h3 class=\"wp-block-heading has-spacing--s\">Des juristes pour comprendre et interpr\u00e9ter \u00ab&nbsp;les r\u00e8gles du jeu&nbsp;\u00bb<\/h3>\n\n\n\n<p class=\"wp-block-paragraph has-spacing--s\">Les discussions de l\u2019apr\u00e8s-midi ont \u00e9galement amen\u00e9 une question&nbsp;: les juristes ont-ils un r\u00f4le \u00e0 jouer dans la pr\u00e9servation des sols&nbsp;? L\u2019exemple de notre projet pilote de Chamblioux-Bertigny, dans le canton de Fribourg, a montr\u00e9 que oui. Tr\u00e8s souvent, il s\u2019agit de comprendre les \u00ab&nbsp;r\u00e8gles du jeu&nbsp;\u00bb du cadre l\u00e9gal r\u00e9glementaire afin d\u2019identifier les leviers d\u2019action pour les sols. M\u00eame si le cadre l\u00e9gal suisse pour la pr\u00e9servation des sols n\u2019est pas complet, comme l\u2019a montr\u00e9 Val\u00e9ry D\u00e9fago le matin, s\u2019appuyer sur l\u2019existent afin d\u2019agir en faveur des sols est possible. Dans le cadre des projets pilotes de Chamblioux-Bertigny l\u2019expertise juridique du Service de l\u2019am\u00e9nagement du territoire a \u00e9t\u00e9 grandement sollicit\u00e9e. Ceci afin d\u2019\u00e9tablir la marge de man\u0153uvre pour la prise en compte des sols. Le r\u00e9sultat&nbsp;: les mandats d\u2019\u00e9tude parall\u00e8le pour le placement du nouvel h\u00f4pital cantonal ont int\u00e9gr\u00e9 de mani\u00e8re innovante des crit\u00e8res de pr\u00e9servation des sols. La planification du nouvel h\u00f4pital a ainsi pris les sols en compte de mani\u00e8re pionni\u00e8re.&nbsp;<\/p>\n\n\n\n<h3 class=\"wp-block-heading\">D\u2019autres pistes d\u2019action identifi\u00e9es<\/h3>\n\n\n\n<p class=\"wp-block-paragraph\">Les participant.es du cours de formation continue ont identifi\u00e9 d\u2019autres instruments de l\u2019am\u00e9nagement du territoire \u00e0 m\u00eame de pr\u00e9server la sant\u00e9 des sols. Parmi eux les plans d\u2019affectation locaux ou encore les plans d\u2019am\u00e9nagement de d\u00e9tails. L\u2019id\u00e9e de lier la pr\u00e9servation des sols \u00e0 la pr\u00e9servation du patrimoine (ISOS) a \u00e9galement \u00e9t\u00e9 \u00e9voqu\u00e9e. Montrer la valeur mon\u00e9taire des sols fonctionnels a paru par ailleurs important aux participant.es afin de motiver les parties prenantes \u00e0 pr\u00e9server d\u2019avantage cette pr\u00e9cieuse ressource.<\/p>\n\n\n\n<p class=\"wp-block-paragraph\">Alors, quid du b\u00e9ton et des surfaces de graviers sans vie&nbsp;? Nous l\u2019esp\u00e9rons bien et sommes ravi.es d\u2019avoir pu transmettre notre savoir dans le cadre du cours de formation continue de l\u2019Universit\u00e9 de Neuch\u00e2tel, en collaboration avec notre membre du Conseil de fondation Val\u00e9rie D\u00e9fago.<\/p>\n\n\n\r\n<div id=\"button-block_6f07c433c9cb280f8e95993ff0bd30e9\" class=\"button-block has-spacing--default has-text-align-center\">\r\n    <a class=\"btn--background\" href=\"https:\/\/qualite-sols.ch\/wp-content\/uploads\/2024\/11\/Cahier-des-charges-MEP-Pole-Sante-et-Activites-230630.pdf\" target=\"_blank\">\r\n        Crit\u00e8res pour les mandats d&#039;\u00e9tudes dans le cadre du projet pilote    <\/a>\r\n<\/div>\r\n\r\n","protected":false},"excerpt":{"rendered":"<p>Quel est la marge de man\u0153uvre juridique pour la pr\u00e9servation des sols suisses ? Cette &#8230;<\/p>\n","protected":false},"author":3,"featured_media":5851,"comment_status":"closed","ping_status":"closed","sticky":false,"template":"","format":"standard","meta":{"_acf_changed":false,"footnotes":""},"categories":[73,76],"tags":[],"class_list":["post-5857","post","type-post","status-publish","format-standard","has-post-thumbnail","hentry","category-transfert-de-connaissances","category-sante-des-sols"],"acf":[],"yoast_head":"<!-- This site is optimized with the Yoast SEO plugin v27.3 - https:\/\/yoast.com\/product\/yoast-seo-wordpress\/ -->\n<title>Les sols et l\u2019am\u00e9nagement du territoire sous l\u2019angle du droit - Durabilitas<\/title>\n<meta name=\"description\" content=\"Quel est la marge de man\u0153uvre juridique pour la pr\u00e9servation des sols suisses ? Cette question \u00e9tait au c\u0153ur de la formation.\" \/>\n<meta name=\"robots\" content=\"index, follow, max-snippet:-1, max-image-preview:large, max-video-preview:-1\" \/>\n<link rel=\"canonical\" href=\"https:\/\/durabilitas.ch\/fr\/themes\/sante-des-sols\/les-sols-et-lamenagement-du-territoire-sous-langle-du-droit\/\" \/>\n<meta property=\"og:locale\" content=\"fr_FR\" \/>\n<meta property=\"og:type\" content=\"article\" \/>\n<meta property=\"og:title\" content=\"Les sols et l\u2019am\u00e9nagement du territoire sous l\u2019angle du droit - Durabilitas\" \/>\n<meta property=\"og:description\" content=\"Quel est la marge de man\u0153uvre juridique pour la pr\u00e9servation des sols suisses ? Cette question \u00e9tait au c\u0153ur de la formation.\" \/>\n<meta property=\"og:url\" content=\"https:\/\/durabilitas.ch\/fr\/themes\/sante-des-sols\/les-sols-et-lamenagement-du-territoire-sous-langle-du-droit\/\" \/>\n<meta property=\"og:site_name\" content=\"Durabilitas\" \/>\n<meta property=\"article:published_time\" content=\"2025-11-24T12:53:05+00:00\" \/>\n<meta property=\"article:modified_time\" content=\"2025-11-24T15:36:19+00:00\" \/>\n<meta property=\"og:image\" content=\"https:\/\/durabilitas.ch\/wp-content\/uploads\/2025\/11\/Bodenqi_Carole_Imhof_uni_neuenburg.jpg\" \/>\n\t<meta property=\"og:image:width\" content=\"1000\" \/>\n\t<meta property=\"og:image:height\" content=\"1107\" \/>\n\t<meta property=\"og:image:type\" content=\"image\/jpeg\" \/>\n<meta name=\"author\" content=\"Heidi Schmidt\" \/>\n<meta name=\"twitter:card\" content=\"summary_large_image\" \/>\n<script type=\"application\/ld+json\" class=\"yoast-schema-graph\">{\"@context\":\"https:\\\/\\\/schema.org\",\"@graph\":[{\"@type\":\"Article\",\"@id\":\"https:\\\/\\\/durabilitas.ch\\\/fr\\\/themes\\\/sante-des-sols\\\/les-sols-et-lamenagement-du-territoire-sous-langle-du-droit\\\/#article\",\"isPartOf\":{\"@id\":\"https:\\\/\\\/durabilitas.ch\\\/fr\\\/themes\\\/sante-des-sols\\\/les-sols-et-lamenagement-du-territoire-sous-langle-du-droit\\\/\"},\"author\":{\"name\":\"Heidi Schmidt\",\"@id\":\"https:\\\/\\\/durabilitas.ch\\\/fr\\\/#\\\/schema\\\/person\\\/a59e0eb7e6593c7031b6d27dcfdbb67c\"},\"headline\":\"Les sols et l\u2019am\u00e9nagement du territoire sous l\u2019angle du droit\",\"datePublished\":\"2025-11-24T12:53:05+00:00\",\"dateModified\":\"2025-11-24T15:36:19+00:00\",\"mainEntityOfPage\":{\"@id\":\"https:\\\/\\\/durabilitas.ch\\\/fr\\\/themes\\\/sante-des-sols\\\/les-sols-et-lamenagement-du-territoire-sous-langle-du-droit\\\/\"},\"wordCount\":773,\"image\":{\"@id\":\"https:\\\/\\\/durabilitas.ch\\\/fr\\\/themes\\\/sante-des-sols\\\/les-sols-et-lamenagement-du-territoire-sous-langle-du-droit\\\/#primaryimage\"},\"thumbnailUrl\":\"https:\\\/\\\/durabilitas.ch\\\/wp-content\\\/uploads\\\/2025\\\/11\\\/Bodenqi_Carole_Imhof_uni_neuenburg.jpg\",\"articleSection\":[\"Transfert de connaissances\",\"Sant\u00e9 des sols\"],\"inLanguage\":\"fr-FR\"},{\"@type\":\"WebPage\",\"@id\":\"https:\\\/\\\/durabilitas.ch\\\/fr\\\/themes\\\/sante-des-sols\\\/les-sols-et-lamenagement-du-territoire-sous-langle-du-droit\\\/\",\"url\":\"https:\\\/\\\/durabilitas.ch\\\/fr\\\/themes\\\/sante-des-sols\\\/les-sols-et-lamenagement-du-territoire-sous-langle-du-droit\\\/\",\"name\":\"Les sols et l\u2019am\u00e9nagement du territoire sous l\u2019angle du droit - Durabilitas\",\"isPartOf\":{\"@id\":\"https:\\\/\\\/durabilitas.ch\\\/fr\\\/#website\"},\"primaryImageOfPage\":{\"@id\":\"https:\\\/\\\/durabilitas.ch\\\/fr\\\/themes\\\/sante-des-sols\\\/les-sols-et-lamenagement-du-territoire-sous-langle-du-droit\\\/#primaryimage\"},\"image\":{\"@id\":\"https:\\\/\\\/durabilitas.ch\\\/fr\\\/themes\\\/sante-des-sols\\\/les-sols-et-lamenagement-du-territoire-sous-langle-du-droit\\\/#primaryimage\"},\"thumbnailUrl\":\"https:\\\/\\\/durabilitas.ch\\\/wp-content\\\/uploads\\\/2025\\\/11\\\/Bodenqi_Carole_Imhof_uni_neuenburg.jpg\",\"datePublished\":\"2025-11-24T12:53:05+00:00\",\"dateModified\":\"2025-11-24T15:36:19+00:00\",\"author\":{\"@id\":\"https:\\\/\\\/durabilitas.ch\\\/fr\\\/#\\\/schema\\\/person\\\/a59e0eb7e6593c7031b6d27dcfdbb67c\"},\"description\":\"Quel est la marge de man\u0153uvre juridique pour la pr\u00e9servation des sols suisses ? Cette question \u00e9tait au c\u0153ur de la formation.\",\"breadcrumb\":{\"@id\":\"https:\\\/\\\/durabilitas.ch\\\/fr\\\/themes\\\/sante-des-sols\\\/les-sols-et-lamenagement-du-territoire-sous-langle-du-droit\\\/#breadcrumb\"},\"inLanguage\":\"fr-FR\",\"potentialAction\":[{\"@type\":\"ReadAction\",\"target\":[\"https:\\\/\\\/durabilitas.ch\\\/fr\\\/themes\\\/sante-des-sols\\\/les-sols-et-lamenagement-du-territoire-sous-langle-du-droit\\\/\"]}]},{\"@type\":\"ImageObject\",\"inLanguage\":\"fr-FR\",\"@id\":\"https:\\\/\\\/durabilitas.ch\\\/fr\\\/themes\\\/sante-des-sols\\\/les-sols-et-lamenagement-du-territoire-sous-langle-du-droit\\\/#primaryimage\",\"url\":\"https:\\\/\\\/durabilitas.ch\\\/wp-content\\\/uploads\\\/2025\\\/11\\\/Bodenqi_Carole_Imhof_uni_neuenburg.jpg\",\"contentUrl\":\"https:\\\/\\\/durabilitas.ch\\\/wp-content\\\/uploads\\\/2025\\\/11\\\/Bodenqi_Carole_Imhof_uni_neuenburg.jpg\",\"width\":1000,\"height\":1107},{\"@type\":\"BreadcrumbList\",\"@id\":\"https:\\\/\\\/durabilitas.ch\\\/fr\\\/themes\\\/sante-des-sols\\\/les-sols-et-lamenagement-du-territoire-sous-langle-du-droit\\\/#breadcrumb\",\"itemListElement\":[{\"@type\":\"ListItem\",\"position\":1,\"name\":\"Home\",\"item\":\"https:\\\/\\\/durabilitas.ch\\\/fr\\\/\"},{\"@type\":\"ListItem\",\"position\":2,\"name\":\"Les sols et l\u2019am\u00e9nagement du territoire sous l\u2019angle du droit\"}]},{\"@type\":\"WebSite\",\"@id\":\"https:\\\/\\\/durabilitas.ch\\\/fr\\\/#website\",\"url\":\"https:\\\/\\\/durabilitas.ch\\\/fr\\\/\",\"name\":\"Durabilitas\",\"description\":\"\",\"potentialAction\":[{\"@type\":\"SearchAction\",\"target\":{\"@type\":\"EntryPoint\",\"urlTemplate\":\"https:\\\/\\\/durabilitas.ch\\\/fr\\\/?s={search_term_string}\"},\"query-input\":{\"@type\":\"PropertyValueSpecification\",\"valueRequired\":true,\"valueName\":\"search_term_string\"}}],\"inLanguage\":\"fr-FR\"},{\"@type\":\"Person\",\"@id\":\"https:\\\/\\\/durabilitas.ch\\\/fr\\\/#\\\/schema\\\/person\\\/a59e0eb7e6593c7031b6d27dcfdbb67c\",\"name\":\"Heidi Schmidt\",\"image\":{\"@type\":\"ImageObject\",\"inLanguage\":\"fr-FR\",\"@id\":\"https:\\\/\\\/secure.gravatar.com\\\/avatar\\\/4f5dd5e1a10fe8bc6a4fb0c7e6fc6374a43b828756778dd8df4915466e3f1b7e?s=96&d=mm&r=g\",\"url\":\"https:\\\/\\\/secure.gravatar.com\\\/avatar\\\/4f5dd5e1a10fe8bc6a4fb0c7e6fc6374a43b828756778dd8df4915466e3f1b7e?s=96&d=mm&r=g\",\"contentUrl\":\"https:\\\/\\\/secure.gravatar.com\\\/avatar\\\/4f5dd5e1a10fe8bc6a4fb0c7e6fc6374a43b828756778dd8df4915466e3f1b7e?s=96&d=mm&r=g\",\"caption\":\"Heidi Schmidt\"},\"sameAs\":[\"https:\\\/\\\/www.sanudurabilitas.ch\\\/\"],\"url\":\"https:\\\/\\\/durabilitas.ch\\\/fr\\\/author\\\/heidi_schmidt\\\/\"}]}<\/script>\n<!-- \/ Yoast SEO plugin. -->","yoast_head_json":{"title":"Les sols et l\u2019am\u00e9nagement du territoire sous l\u2019angle du droit - Durabilitas","description":"Quel est la marge de man\u0153uvre juridique pour la pr\u00e9servation des sols suisses ? Cette question \u00e9tait au c\u0153ur de la formation.","robots":{"index":"index","follow":"follow","max-snippet":"max-snippet:-1","max-image-preview":"max-image-preview:large","max-video-preview":"max-video-preview:-1"},"canonical":"https:\/\/durabilitas.ch\/fr\/themes\/sante-des-sols\/les-sols-et-lamenagement-du-territoire-sous-langle-du-droit\/","og_locale":"fr_FR","og_type":"article","og_title":"Les sols et l\u2019am\u00e9nagement du territoire sous l\u2019angle du droit - Durabilitas","og_description":"Quel est la marge de man\u0153uvre juridique pour la pr\u00e9servation des sols suisses ? Cette question \u00e9tait au c\u0153ur de la formation.","og_url":"https:\/\/durabilitas.ch\/fr\/themes\/sante-des-sols\/les-sols-et-lamenagement-du-territoire-sous-langle-du-droit\/","og_site_name":"Durabilitas","article_published_time":"2025-11-24T12:53:05+00:00","article_modified_time":"2025-11-24T15:36:19+00:00","og_image":[{"width":1000,"height":1107,"url":"https:\/\/durabilitas.ch\/wp-content\/uploads\/2025\/11\/Bodenqi_Carole_Imhof_uni_neuenburg.jpg","type":"image\/jpeg"}],"author":"Heidi Schmidt","twitter_card":"summary_large_image","schema":{"@context":"https:\/\/schema.org","@graph":[{"@type":"Article","@id":"https:\/\/durabilitas.ch\/fr\/themes\/sante-des-sols\/les-sols-et-lamenagement-du-territoire-sous-langle-du-droit\/#article","isPartOf":{"@id":"https:\/\/durabilitas.ch\/fr\/themes\/sante-des-sols\/les-sols-et-lamenagement-du-territoire-sous-langle-du-droit\/"},"author":{"name":"Heidi Schmidt","@id":"https:\/\/durabilitas.ch\/fr\/#\/schema\/person\/a59e0eb7e6593c7031b6d27dcfdbb67c"},"headline":"Les sols et l\u2019am\u00e9nagement du territoire sous l\u2019angle du droit","datePublished":"2025-11-24T12:53:05+00:00","dateModified":"2025-11-24T15:36:19+00:00","mainEntityOfPage":{"@id":"https:\/\/durabilitas.ch\/fr\/themes\/sante-des-sols\/les-sols-et-lamenagement-du-territoire-sous-langle-du-droit\/"},"wordCount":773,"image":{"@id":"https:\/\/durabilitas.ch\/fr\/themes\/sante-des-sols\/les-sols-et-lamenagement-du-territoire-sous-langle-du-droit\/#primaryimage"},"thumbnailUrl":"https:\/\/durabilitas.ch\/wp-content\/uploads\/2025\/11\/Bodenqi_Carole_Imhof_uni_neuenburg.jpg","articleSection":["Transfert de connaissances","Sant\u00e9 des sols"],"inLanguage":"fr-FR"},{"@type":"WebPage","@id":"https:\/\/durabilitas.ch\/fr\/themes\/sante-des-sols\/les-sols-et-lamenagement-du-territoire-sous-langle-du-droit\/","url":"https:\/\/durabilitas.ch\/fr\/themes\/sante-des-sols\/les-sols-et-lamenagement-du-territoire-sous-langle-du-droit\/","name":"Les sols et l\u2019am\u00e9nagement du territoire sous l\u2019angle du droit - Durabilitas","isPartOf":{"@id":"https:\/\/durabilitas.ch\/fr\/#website"},"primaryImageOfPage":{"@id":"https:\/\/durabilitas.ch\/fr\/themes\/sante-des-sols\/les-sols-et-lamenagement-du-territoire-sous-langle-du-droit\/#primaryimage"},"image":{"@id":"https:\/\/durabilitas.ch\/fr\/themes\/sante-des-sols\/les-sols-et-lamenagement-du-territoire-sous-langle-du-droit\/#primaryimage"},"thumbnailUrl":"https:\/\/durabilitas.ch\/wp-content\/uploads\/2025\/11\/Bodenqi_Carole_Imhof_uni_neuenburg.jpg","datePublished":"2025-11-24T12:53:05+00:00","dateModified":"2025-11-24T15:36:19+00:00","author":{"@id":"https:\/\/durabilitas.ch\/fr\/#\/schema\/person\/a59e0eb7e6593c7031b6d27dcfdbb67c"},"description":"Quel est la marge de man\u0153uvre juridique pour la pr\u00e9servation des sols suisses ? Cette question \u00e9tait au c\u0153ur de la formation.","breadcrumb":{"@id":"https:\/\/durabilitas.ch\/fr\/themes\/sante-des-sols\/les-sols-et-lamenagement-du-territoire-sous-langle-du-droit\/#breadcrumb"},"inLanguage":"fr-FR","potentialAction":[{"@type":"ReadAction","target":["https:\/\/durabilitas.ch\/fr\/themes\/sante-des-sols\/les-sols-et-lamenagement-du-territoire-sous-langle-du-droit\/"]}]},{"@type":"ImageObject","inLanguage":"fr-FR","@id":"https:\/\/durabilitas.ch\/fr\/themes\/sante-des-sols\/les-sols-et-lamenagement-du-territoire-sous-langle-du-droit\/#primaryimage","url":"https:\/\/durabilitas.ch\/wp-content\/uploads\/2025\/11\/Bodenqi_Carole_Imhof_uni_neuenburg.jpg","contentUrl":"https:\/\/durabilitas.ch\/wp-content\/uploads\/2025\/11\/Bodenqi_Carole_Imhof_uni_neuenburg.jpg","width":1000,"height":1107},{"@type":"BreadcrumbList","@id":"https:\/\/durabilitas.ch\/fr\/themes\/sante-des-sols\/les-sols-et-lamenagement-du-territoire-sous-langle-du-droit\/#breadcrumb","itemListElement":[{"@type":"ListItem","position":1,"name":"Home","item":"https:\/\/durabilitas.ch\/fr\/"},{"@type":"ListItem","position":2,"name":"Les sols et l\u2019am\u00e9nagement du territoire sous l\u2019angle du droit"}]},{"@type":"WebSite","@id":"https:\/\/durabilitas.ch\/fr\/#website","url":"https:\/\/durabilitas.ch\/fr\/","name":"Durabilitas","description":"","potentialAction":[{"@type":"SearchAction","target":{"@type":"EntryPoint","urlTemplate":"https:\/\/durabilitas.ch\/fr\/?s={search_term_string}"},"query-input":{"@type":"PropertyValueSpecification","valueRequired":true,"valueName":"search_term_string"}}],"inLanguage":"fr-FR"},{"@type":"Person","@id":"https:\/\/durabilitas.ch\/fr\/#\/schema\/person\/a59e0eb7e6593c7031b6d27dcfdbb67c","name":"Heidi Schmidt","image":{"@type":"ImageObject","inLanguage":"fr-FR","@id":"https:\/\/secure.gravatar.com\/avatar\/4f5dd5e1a10fe8bc6a4fb0c7e6fc6374a43b828756778dd8df4915466e3f1b7e?s=96&d=mm&r=g","url":"https:\/\/secure.gravatar.com\/avatar\/4f5dd5e1a10fe8bc6a4fb0c7e6fc6374a43b828756778dd8df4915466e3f1b7e?s=96&d=mm&r=g","contentUrl":"https:\/\/secure.gravatar.com\/avatar\/4f5dd5e1a10fe8bc6a4fb0c7e6fc6374a43b828756778dd8df4915466e3f1b7e?s=96&d=mm&r=g","caption":"Heidi Schmidt"},"sameAs":["https:\/\/www.sanudurabilitas.ch\/"],"url":"https:\/\/durabilitas.ch\/fr\/author\/heidi_schmidt\/"}]}},"_links":{"self":[{"href":"https:\/\/durabilitas.ch\/fr\/wp-json\/wp\/v2\/posts\/5857","targetHints":{"allow":["GET"]}}],"collection":[{"href":"https:\/\/durabilitas.ch\/fr\/wp-json\/wp\/v2\/posts"}],"about":[{"href":"https:\/\/durabilitas.ch\/fr\/wp-json\/wp\/v2\/types\/post"}],"author":[{"embeddable":true,"href":"https:\/\/durabilitas.ch\/fr\/wp-json\/wp\/v2\/users\/3"}],"replies":[{"embeddable":true,"href":"https:\/\/durabilitas.ch\/fr\/wp-json\/wp\/v2\/comments?post=5857"}],"version-history":[{"count":3,"href":"https:\/\/durabilitas.ch\/fr\/wp-json\/wp\/v2\/posts\/5857\/revisions"}],"predecessor-version":[{"id":5861,"href":"https:\/\/durabilitas.ch\/fr\/wp-json\/wp\/v2\/posts\/5857\/revisions\/5861"}],"wp:featuredmedia":[{"embeddable":true,"href":"https:\/\/durabilitas.ch\/fr\/wp-json\/wp\/v2\/media\/5851"}],"wp:attachment":[{"href":"https:\/\/durabilitas.ch\/fr\/wp-json\/wp\/v2\/media?parent=5857"}],"wp:term":[{"taxonomy":"category","embeddable":true,"href":"https:\/\/durabilitas.ch\/fr\/wp-json\/wp\/v2\/categories?post=5857"},{"taxonomy":"post_tag","embeddable":true,"href":"https:\/\/durabilitas.ch\/fr\/wp-json\/wp\/v2\/tags?post=5857"}],"curies":[{"name":"wp","href":"https:\/\/api.w.org\/{rel}","templated":true}]}}