{"id":5804,"date":"2025-11-18T08:51:48","date_gmt":"2025-11-18T08:51:48","guid":{"rendered":"https:\/\/durabilitas.ch\/?p=5804"},"modified":"2025-11-18T09:05:53","modified_gmt":"2025-11-18T09:05:53","slug":"recommandations-dans-communes-suisses","status":"publish","type":"post","link":"https:\/\/durabilitas.ch\/fr\/themes\/sante-des-sols\/recommandations-dans-communes-suisses\/","title":{"rendered":"Recommandations dans \u00ab\u00a0Communes suisses\u00a0\u00bb"},"content":{"rendered":"\r\n<header id=\"header-block_c82fedbc55b38e30c67049945abaf483\" class=\"page-header has-no-image has-spacing--default\">\r\n\r\n    \r\n    <div class=\"page-header__content has-title-image--large\">\r\n\r\n        <div class=\"page-header__inner\">\r\n\r\n            <div class=\"page-header__category\">\r\n\r\n                <a href=\"https:\/\/durabilitas.ch\/fr\/category\/themes\/sante-des-sols\/\">Sant\u00e9 des sols<\/a>\r\n            <\/div>\r\n\r\n            <div class=\"page-header__title\">\n\n<h1 class=\"wp-block-heading\">Recommandations dans \u00ab&nbsp;Communes suisses&nbsp;\u00bb<\/h1>\n\n\n\n<p class=\"page-header__text\">Dans le&nbsp;dernier num\u00e9ro du&nbsp;magazine de l&rsquo;Association des Communes Suisses, notre cheffe de projet Carole Imhof pr\u00e9sente comment la qualit\u00e9 des sols peut \u00eatre int\u00e9gr\u00e9e dans l&rsquo;am\u00e9nagement du territoire.&nbsp;<\/p>\n\n<\/div>\r\n        <\/div>\r\n\r\n        \r\n                        <figure class=\"page-header__image\">\r\n                    <img loading=\"lazy\" decoding=\"async\" width=\"240\" height=\"266\" src=\"https:\/\/durabilitas.ch\/wp-content\/uploads\/2025\/04\/Verlauf-Keyvisual_2.jpeg\" class=\"attachment-post-thumbnail size-post-thumbnail wp-post-image\" alt=\"\" \/>                <\/figure>\r\n        \r\n    <\/div><!-- .page-header__content -->\r\n\r\n            <a class=\"link-overview\" href=\"https:\/\/durabilitas.ch\/fr\/actualites\/\">\r\n            vue d&rsquo;ensemble        <\/a>\r\n    \r\n\r\n<\/header>\r\n\r\n\n\n\n<p class=\"wp-block-paragraph\">La prise en compte des sols dans le d\u00e9veloppement du secteur Chamblioux-Bertigny (Fribourg) est au c\u0153ur de l\u2019article. C&rsquo;est l&rsquo;un des quatre projets&nbsp;pilotes o\u00f9&nbsp;nous testons l&rsquo;application de cet instrument d&rsquo;am\u00e9nagement du territoire.&nbsp;<\/p>\n\n\n\n<p class=\"wp-block-paragraph\">Sur la base des exp\u00e9riences acquises, nous avons formul\u00e9, avec le soutien d&rsquo;un groupe d&rsquo;accompagnement national, des recommandations. Elles sont publi\u00e9es sur notre site web qualite-sols.ch et montrent comment mieux prendre en compte les sols dans l&rsquo;am\u00e9nagement du territoire.<\/p>\n\n\n\r\n<div id=\"button-block_9825304e30869bcd7eb2c82ad2a0a056\" class=\"button-block has-spacing--default has-text-align-center\">\r\n    <a class=\"btn--background\" href=\"https:\/\/www.commune-suisse.ch\/article\/les-sols-au-coeur-de-projets-pionniers-pour-repenser-lamenagement%20\" target=\"_blank\">\r\n        Vers l&#039;article    <\/a>\r\n<\/div>\r\n\r\n\n\n\r\n<div id=\"button-block_a86f6935803edd8969d4cd730d5584be\" class=\"button-block has-spacing--default has-text-align-center\">\r\n    <a class=\"btn--background\" href=\"https:\/\/qualite-sols.ch\/recommandations\/\" target=\"_blank\">\r\n        Vers les recommandations    <\/a>\r\n<\/div>\r\n\r\n","protected":false},"excerpt":{"rendered":"<p>Dans le\u00a0dernier num\u00e9ro du\u00a0magazine de l&rsquo;Association des Communes Suisses, notre cheffe de projet Carole Imhof &#8230;<\/p>\n","protected":false},"author":3,"featured_media":2564,"comment_status":"closed","ping_status":"closed","sticky":false,"template":"","format":"standard","meta":{"_acf_changed":false,"footnotes":""},"categories":[76,87,69],"tags":[],"class_list":["post-5804","post","type-post","status-publish","format-standard","has-post-thumbnail","hentry","category-sante-des-sols","category-publications","category-plaidoyer"],"acf":[],"yoast_head":"<!-- This site is optimized with the Yoast SEO plugin v27.3 - https:\/\/yoast.com\/product\/yoast-seo-wordpress\/ -->\n<title>Recommandations dans \u00ab\u00a0Communes suisses\u00a0\u00bb - Durabilitas<\/title>\n<meta name=\"description\" content=\"Dans le magazine de Commune Suisse, Carole Imhof pr\u00e9sente comment la qualit\u00e9 des sols peut \u00eatre int\u00e9gr\u00e9e dans l&#039;am\u00e9nagement du territoire.\" \/>\n<meta name=\"robots\" content=\"index, follow, max-snippet:-1, max-image-preview:large, max-video-preview:-1\" \/>\n<link rel=\"canonical\" href=\"https:\/\/durabilitas.ch\/fr\/themes\/sante-des-sols\/recommandations-dans-communes-suisses\/\" \/>\n<meta property=\"og:locale\" content=\"fr_FR\" \/>\n<meta property=\"og:type\" content=\"article\" \/>\n<meta property=\"og:title\" content=\"Recommandations dans \u00ab\u00a0Communes suisses\u00a0\u00bb - Durabilitas\" \/>\n<meta property=\"og:description\" content=\"Dans le magazine de Commune Suisse, Carole Imhof pr\u00e9sente comment la qualit\u00e9 des sols peut \u00eatre int\u00e9gr\u00e9e dans l&#039;am\u00e9nagement du territoire.\" \/>\n<meta property=\"og:url\" content=\"https:\/\/durabilitas.ch\/fr\/themes\/sante-des-sols\/recommandations-dans-communes-suisses\/\" \/>\n<meta property=\"og:site_name\" content=\"Durabilitas\" \/>\n<meta property=\"article:published_time\" content=\"2025-11-18T08:51:48+00:00\" \/>\n<meta property=\"article:modified_time\" content=\"2025-11-18T09:05:53+00:00\" \/>\n<meta property=\"og:image\" content=\"https:\/\/durabilitas.ch\/wp-content\/uploads\/2025\/04\/Verlauf-Keyvisual_2.jpeg\" \/>\n\t<meta property=\"og:image:width\" content=\"240\" \/>\n\t<meta property=\"og:image:height\" content=\"266\" \/>\n\t<meta property=\"og:image:type\" content=\"image\/jpeg\" \/>\n<meta name=\"author\" content=\"Heidi Schmidt\" \/>\n<meta name=\"twitter:card\" content=\"summary_large_image\" \/>\n<script type=\"application\/ld+json\" class=\"yoast-schema-graph\">{\"@context\":\"https:\\\/\\\/schema.org\",\"@graph\":[{\"@type\":\"Article\",\"@id\":\"https:\\\/\\\/durabilitas.ch\\\/fr\\\/themes\\\/sante-des-sols\\\/recommandations-dans-communes-suisses\\\/#article\",\"isPartOf\":{\"@id\":\"https:\\\/\\\/durabilitas.ch\\\/fr\\\/themes\\\/sante-des-sols\\\/recommandations-dans-communes-suisses\\\/\"},\"author\":{\"name\":\"Heidi Schmidt\",\"@id\":\"https:\\\/\\\/durabilitas.ch\\\/fr\\\/#\\\/schema\\\/person\\\/a59e0eb7e6593c7031b6d27dcfdbb67c\"},\"headline\":\"Recommandations dans \u00ab\u00a0Communes suisses\u00a0\u00bb\",\"datePublished\":\"2025-11-18T08:51:48+00:00\",\"dateModified\":\"2025-11-18T09:05:53+00:00\",\"mainEntityOfPage\":{\"@id\":\"https:\\\/\\\/durabilitas.ch\\\/fr\\\/themes\\\/sante-des-sols\\\/recommandations-dans-communes-suisses\\\/\"},\"wordCount\":141,\"image\":{\"@id\":\"https:\\\/\\\/durabilitas.ch\\\/fr\\\/themes\\\/sante-des-sols\\\/recommandations-dans-communes-suisses\\\/#primaryimage\"},\"thumbnailUrl\":\"https:\\\/\\\/durabilitas.ch\\\/wp-content\\\/uploads\\\/2025\\\/04\\\/Verlauf-Keyvisual_2.jpeg\",\"articleSection\":[\"Sant\u00e9 des sols\",\"M\u00e9dias &amp; Publications\",\"Plaidoyer\"],\"inLanguage\":\"fr-FR\"},{\"@type\":\"WebPage\",\"@id\":\"https:\\\/\\\/durabilitas.ch\\\/fr\\\/themes\\\/sante-des-sols\\\/recommandations-dans-communes-suisses\\\/\",\"url\":\"https:\\\/\\\/durabilitas.ch\\\/fr\\\/themes\\\/sante-des-sols\\\/recommandations-dans-communes-suisses\\\/\",\"name\":\"Recommandations dans \u00ab\u00a0Communes suisses\u00a0\u00bb - Durabilitas\",\"isPartOf\":{\"@id\":\"https:\\\/\\\/durabilitas.ch\\\/fr\\\/#website\"},\"primaryImageOfPage\":{\"@id\":\"https:\\\/\\\/durabilitas.ch\\\/fr\\\/themes\\\/sante-des-sols\\\/recommandations-dans-communes-suisses\\\/#primaryimage\"},\"image\":{\"@id\":\"https:\\\/\\\/durabilitas.ch\\\/fr\\\/themes\\\/sante-des-sols\\\/recommandations-dans-communes-suisses\\\/#primaryimage\"},\"thumbnailUrl\":\"https:\\\/\\\/durabilitas.ch\\\/wp-content\\\/uploads\\\/2025\\\/04\\\/Verlauf-Keyvisual_2.jpeg\",\"datePublished\":\"2025-11-18T08:51:48+00:00\",\"dateModified\":\"2025-11-18T09:05:53+00:00\",\"author\":{\"@id\":\"https:\\\/\\\/durabilitas.ch\\\/fr\\\/#\\\/schema\\\/person\\\/a59e0eb7e6593c7031b6d27dcfdbb67c\"},\"description\":\"Dans le magazine de Commune Suisse, Carole Imhof pr\u00e9sente comment la qualit\u00e9 des sols peut \u00eatre int\u00e9gr\u00e9e dans l'am\u00e9nagement du territoire.\",\"breadcrumb\":{\"@id\":\"https:\\\/\\\/durabilitas.ch\\\/fr\\\/themes\\\/sante-des-sols\\\/recommandations-dans-communes-suisses\\\/#breadcrumb\"},\"inLanguage\":\"fr-FR\",\"potentialAction\":[{\"@type\":\"ReadAction\",\"target\":[\"https:\\\/\\\/durabilitas.ch\\\/fr\\\/themes\\\/sante-des-sols\\\/recommandations-dans-communes-suisses\\\/\"]}]},{\"@type\":\"ImageObject\",\"inLanguage\":\"fr-FR\",\"@id\":\"https:\\\/\\\/durabilitas.ch\\\/fr\\\/themes\\\/sante-des-sols\\\/recommandations-dans-communes-suisses\\\/#primaryimage\",\"url\":\"https:\\\/\\\/durabilitas.ch\\\/wp-content\\\/uploads\\\/2025\\\/04\\\/Verlauf-Keyvisual_2.jpeg\",\"contentUrl\":\"https:\\\/\\\/durabilitas.ch\\\/wp-content\\\/uploads\\\/2025\\\/04\\\/Verlauf-Keyvisual_2.jpeg\",\"width\":240,\"height\":266},{\"@type\":\"BreadcrumbList\",\"@id\":\"https:\\\/\\\/durabilitas.ch\\\/fr\\\/themes\\\/sante-des-sols\\\/recommandations-dans-communes-suisses\\\/#breadcrumb\",\"itemListElement\":[{\"@type\":\"ListItem\",\"position\":1,\"name\":\"Home\",\"item\":\"https:\\\/\\\/durabilitas.ch\\\/fr\\\/\"},{\"@type\":\"ListItem\",\"position\":2,\"name\":\"Recommandations dans \u00ab\u00a0Communes suisses\u00a0\u00bb\"}]},{\"@type\":\"WebSite\",\"@id\":\"https:\\\/\\\/durabilitas.ch\\\/fr\\\/#website\",\"url\":\"https:\\\/\\\/durabilitas.ch\\\/fr\\\/\",\"name\":\"Durabilitas\",\"description\":\"\",\"potentialAction\":[{\"@type\":\"SearchAction\",\"target\":{\"@type\":\"EntryPoint\",\"urlTemplate\":\"https:\\\/\\\/durabilitas.ch\\\/fr\\\/?s={search_term_string}\"},\"query-input\":{\"@type\":\"PropertyValueSpecification\",\"valueRequired\":true,\"valueName\":\"search_term_string\"}}],\"inLanguage\":\"fr-FR\"},{\"@type\":\"Person\",\"@id\":\"https:\\\/\\\/durabilitas.ch\\\/fr\\\/#\\\/schema\\\/person\\\/a59e0eb7e6593c7031b6d27dcfdbb67c\",\"name\":\"Heidi Schmidt\",\"image\":{\"@type\":\"ImageObject\",\"inLanguage\":\"fr-FR\",\"@id\":\"https:\\\/\\\/secure.gravatar.com\\\/avatar\\\/4f5dd5e1a10fe8bc6a4fb0c7e6fc6374a43b828756778dd8df4915466e3f1b7e?s=96&d=mm&r=g\",\"url\":\"https:\\\/\\\/secure.gravatar.com\\\/avatar\\\/4f5dd5e1a10fe8bc6a4fb0c7e6fc6374a43b828756778dd8df4915466e3f1b7e?s=96&d=mm&r=g\",\"contentUrl\":\"https:\\\/\\\/secure.gravatar.com\\\/avatar\\\/4f5dd5e1a10fe8bc6a4fb0c7e6fc6374a43b828756778dd8df4915466e3f1b7e?s=96&d=mm&r=g\",\"caption\":\"Heidi Schmidt\"},\"sameAs\":[\"https:\\\/\\\/www.sanudurabilitas.ch\\\/\"],\"url\":\"https:\\\/\\\/durabilitas.ch\\\/fr\\\/author\\\/heidi_schmidt\\\/\"}]}<\/script>\n<!-- \/ Yoast SEO plugin. -->","yoast_head_json":{"title":"Recommandations dans \u00ab\u00a0Communes suisses\u00a0\u00bb - Durabilitas","description":"Dans le magazine de Commune Suisse, Carole Imhof pr\u00e9sente comment la qualit\u00e9 des sols peut \u00eatre int\u00e9gr\u00e9e dans l'am\u00e9nagement du territoire.","robots":{"index":"index","follow":"follow","max-snippet":"max-snippet:-1","max-image-preview":"max-image-preview:large","max-video-preview":"max-video-preview:-1"},"canonical":"https:\/\/durabilitas.ch\/fr\/themes\/sante-des-sols\/recommandations-dans-communes-suisses\/","og_locale":"fr_FR","og_type":"article","og_title":"Recommandations dans \u00ab\u00a0Communes suisses\u00a0\u00bb - Durabilitas","og_description":"Dans le magazine de Commune Suisse, Carole Imhof pr\u00e9sente comment la qualit\u00e9 des sols peut \u00eatre int\u00e9gr\u00e9e dans l'am\u00e9nagement du territoire.","og_url":"https:\/\/durabilitas.ch\/fr\/themes\/sante-des-sols\/recommandations-dans-communes-suisses\/","og_site_name":"Durabilitas","article_published_time":"2025-11-18T08:51:48+00:00","article_modified_time":"2025-11-18T09:05:53+00:00","og_image":[{"width":240,"height":266,"url":"https:\/\/durabilitas.ch\/wp-content\/uploads\/2025\/04\/Verlauf-Keyvisual_2.jpeg","type":"image\/jpeg"}],"author":"Heidi Schmidt","twitter_card":"summary_large_image","schema":{"@context":"https:\/\/schema.org","@graph":[{"@type":"Article","@id":"https:\/\/durabilitas.ch\/fr\/themes\/sante-des-sols\/recommandations-dans-communes-suisses\/#article","isPartOf":{"@id":"https:\/\/durabilitas.ch\/fr\/themes\/sante-des-sols\/recommandations-dans-communes-suisses\/"},"author":{"name":"Heidi Schmidt","@id":"https:\/\/durabilitas.ch\/fr\/#\/schema\/person\/a59e0eb7e6593c7031b6d27dcfdbb67c"},"headline":"Recommandations dans \u00ab\u00a0Communes suisses\u00a0\u00bb","datePublished":"2025-11-18T08:51:48+00:00","dateModified":"2025-11-18T09:05:53+00:00","mainEntityOfPage":{"@id":"https:\/\/durabilitas.ch\/fr\/themes\/sante-des-sols\/recommandations-dans-communes-suisses\/"},"wordCount":141,"image":{"@id":"https:\/\/durabilitas.ch\/fr\/themes\/sante-des-sols\/recommandations-dans-communes-suisses\/#primaryimage"},"thumbnailUrl":"https:\/\/durabilitas.ch\/wp-content\/uploads\/2025\/04\/Verlauf-Keyvisual_2.jpeg","articleSection":["Sant\u00e9 des sols","M\u00e9dias &amp; Publications","Plaidoyer"],"inLanguage":"fr-FR"},{"@type":"WebPage","@id":"https:\/\/durabilitas.ch\/fr\/themes\/sante-des-sols\/recommandations-dans-communes-suisses\/","url":"https:\/\/durabilitas.ch\/fr\/themes\/sante-des-sols\/recommandations-dans-communes-suisses\/","name":"Recommandations dans \u00ab\u00a0Communes suisses\u00a0\u00bb - Durabilitas","isPartOf":{"@id":"https:\/\/durabilitas.ch\/fr\/#website"},"primaryImageOfPage":{"@id":"https:\/\/durabilitas.ch\/fr\/themes\/sante-des-sols\/recommandations-dans-communes-suisses\/#primaryimage"},"image":{"@id":"https:\/\/durabilitas.ch\/fr\/themes\/sante-des-sols\/recommandations-dans-communes-suisses\/#primaryimage"},"thumbnailUrl":"https:\/\/durabilitas.ch\/wp-content\/uploads\/2025\/04\/Verlauf-Keyvisual_2.jpeg","datePublished":"2025-11-18T08:51:48+00:00","dateModified":"2025-11-18T09:05:53+00:00","author":{"@id":"https:\/\/durabilitas.ch\/fr\/#\/schema\/person\/a59e0eb7e6593c7031b6d27dcfdbb67c"},"description":"Dans le magazine de Commune Suisse, Carole Imhof pr\u00e9sente comment la qualit\u00e9 des sols peut \u00eatre int\u00e9gr\u00e9e dans l'am\u00e9nagement du territoire.","breadcrumb":{"@id":"https:\/\/durabilitas.ch\/fr\/themes\/sante-des-sols\/recommandations-dans-communes-suisses\/#breadcrumb"},"inLanguage":"fr-FR","potentialAction":[{"@type":"ReadAction","target":["https:\/\/durabilitas.ch\/fr\/themes\/sante-des-sols\/recommandations-dans-communes-suisses\/"]}]},{"@type":"ImageObject","inLanguage":"fr-FR","@id":"https:\/\/durabilitas.ch\/fr\/themes\/sante-des-sols\/recommandations-dans-communes-suisses\/#primaryimage","url":"https:\/\/durabilitas.ch\/wp-content\/uploads\/2025\/04\/Verlauf-Keyvisual_2.jpeg","contentUrl":"https:\/\/durabilitas.ch\/wp-content\/uploads\/2025\/04\/Verlauf-Keyvisual_2.jpeg","width":240,"height":266},{"@type":"BreadcrumbList","@id":"https:\/\/durabilitas.ch\/fr\/themes\/sante-des-sols\/recommandations-dans-communes-suisses\/#breadcrumb","itemListElement":[{"@type":"ListItem","position":1,"name":"Home","item":"https:\/\/durabilitas.ch\/fr\/"},{"@type":"ListItem","position":2,"name":"Recommandations dans \u00ab\u00a0Communes suisses\u00a0\u00bb"}]},{"@type":"WebSite","@id":"https:\/\/durabilitas.ch\/fr\/#website","url":"https:\/\/durabilitas.ch\/fr\/","name":"Durabilitas","description":"","potentialAction":[{"@type":"SearchAction","target":{"@type":"EntryPoint","urlTemplate":"https:\/\/durabilitas.ch\/fr\/?s={search_term_string}"},"query-input":{"@type":"PropertyValueSpecification","valueRequired":true,"valueName":"search_term_string"}}],"inLanguage":"fr-FR"},{"@type":"Person","@id":"https:\/\/durabilitas.ch\/fr\/#\/schema\/person\/a59e0eb7e6593c7031b6d27dcfdbb67c","name":"Heidi Schmidt","image":{"@type":"ImageObject","inLanguage":"fr-FR","@id":"https:\/\/secure.gravatar.com\/avatar\/4f5dd5e1a10fe8bc6a4fb0c7e6fc6374a43b828756778dd8df4915466e3f1b7e?s=96&d=mm&r=g","url":"https:\/\/secure.gravatar.com\/avatar\/4f5dd5e1a10fe8bc6a4fb0c7e6fc6374a43b828756778dd8df4915466e3f1b7e?s=96&d=mm&r=g","contentUrl":"https:\/\/secure.gravatar.com\/avatar\/4f5dd5e1a10fe8bc6a4fb0c7e6fc6374a43b828756778dd8df4915466e3f1b7e?s=96&d=mm&r=g","caption":"Heidi Schmidt"},"sameAs":["https:\/\/www.sanudurabilitas.ch\/"],"url":"https:\/\/durabilitas.ch\/fr\/author\/heidi_schmidt\/"}]}},"_links":{"self":[{"href":"https:\/\/durabilitas.ch\/fr\/wp-json\/wp\/v2\/posts\/5804","targetHints":{"allow":["GET"]}}],"collection":[{"href":"https:\/\/durabilitas.ch\/fr\/wp-json\/wp\/v2\/posts"}],"about":[{"href":"https:\/\/durabilitas.ch\/fr\/wp-json\/wp\/v2\/types\/post"}],"author":[{"embeddable":true,"href":"https:\/\/durabilitas.ch\/fr\/wp-json\/wp\/v2\/users\/3"}],"replies":[{"embeddable":true,"href":"https:\/\/durabilitas.ch\/fr\/wp-json\/wp\/v2\/comments?post=5804"}],"version-history":[{"count":2,"href":"https:\/\/durabilitas.ch\/fr\/wp-json\/wp\/v2\/posts\/5804\/revisions"}],"predecessor-version":[{"id":5806,"href":"https:\/\/durabilitas.ch\/fr\/wp-json\/wp\/v2\/posts\/5804\/revisions\/5806"}],"wp:featuredmedia":[{"embeddable":true,"href":"https:\/\/durabilitas.ch\/fr\/wp-json\/wp\/v2\/media\/2564"}],"wp:attachment":[{"href":"https:\/\/durabilitas.ch\/fr\/wp-json\/wp\/v2\/media?parent=5804"}],"wp:term":[{"taxonomy":"category","embeddable":true,"href":"https:\/\/durabilitas.ch\/fr\/wp-json\/wp\/v2\/categories?post=5804"},{"taxonomy":"post_tag","embeddable":true,"href":"https:\/\/durabilitas.ch\/fr\/wp-json\/wp\/v2\/tags?post=5804"}],"curies":[{"name":"wp","href":"https:\/\/api.w.org\/{rel}","templated":true}]}}