{"id":5445,"date":"2025-09-04T13:51:25","date_gmt":"2025-09-04T13:51:25","guid":{"rendered":"https:\/\/durabilitas.ch\/?p=5445"},"modified":"2025-09-11T12:50:36","modified_gmt":"2025-09-11T12:50:36","slug":"creation-de-la-premiere-association-suisse-dediee-a-la-reutilisation","status":"publish","type":"post","link":"https:\/\/durabilitas.ch\/fr\/themes\/economie-circulaire\/creation-de-la-premiere-association-suisse-dediee-a-la-reutilisation\/","title":{"rendered":"Cr\u00e9ation de la 1\u00e8re association suisse d\u00e9di\u00e9e \u00e0 la r\u00e9utilisation des emballages"},"content":{"rendered":"\r\n<header id=\"header-block_805415ce35b51723c6c39750d8a17e75\" class=\"page-header has-no-image has-spacing--default\">\r\n\r\n    \r\n    <div class=\"page-header__content has-title-image--large\">\r\n\r\n        <div class=\"page-header__inner\">\r\n\r\n            <div class=\"page-header__category\">\r\n\r\n                <a href=\"https:\/\/durabilitas.ch\/fr\/category\/themes\/economie-circulaire\/\">\u00c9conomie circulaire<\/a>\r\n            <\/div>\r\n\r\n            <div class=\"page-header__title\">\n\n<h1 class=\"wp-block-heading\">Cr\u00e9ation de la 1\u00e8re association suisse d\u00e9di\u00e9e \u00e0 la r\u00e9utilisation des emballages<\/h1>\n\n\n\n<p class=\"page-header__text\">Une \u00e9tape cl\u00e9 pour l\u2019\u00e9conomie circulaire en Suisse\u00a0: la premi\u00e8re association nationale d\u00e9di\u00e9e \u00e0 la r\u00e9utilisation des emballages, Swiss REuse, a \u00e9t\u00e9 fond\u00e9e ce mardi par plusieurs organisations de la branche. Son ambition\u00a0: faire de la r\u00e9utilisation une nouvelle normalit\u00e9. Pour y parvenir, l\u2019association mise sur une collaboration intersectorielle forte et sur des conditions-cadres favorables.\u00a0<\/p>\n\n<\/div>\r\n        <\/div>\r\n\r\n        \r\n                        <figure class=\"page-header__image\">\r\n                    <img loading=\"lazy\" decoding=\"async\" width=\"1920\" height=\"2560\" src=\"https:\/\/durabilitas.ch\/wp-content\/uploads\/2025\/09\/IMG_1060-2-scaled.jpg\" class=\"attachment-post-thumbnail size-post-thumbnail wp-post-image\" alt=\"\" srcset=\"https:\/\/durabilitas.ch\/wp-content\/uploads\/2025\/09\/IMG_1060-2-scaled.jpg 1920w, https:\/\/durabilitas.ch\/wp-content\/uploads\/2025\/09\/IMG_1060-2-225x300.jpg 225w, https:\/\/durabilitas.ch\/wp-content\/uploads\/2025\/09\/IMG_1060-2-768x1024.jpg 768w, https:\/\/durabilitas.ch\/wp-content\/uploads\/2025\/09\/IMG_1060-2-1152x1536.jpg 1152w, https:\/\/durabilitas.ch\/wp-content\/uploads\/2025\/09\/IMG_1060-2-1536x2048.jpg 1536w, https:\/\/durabilitas.ch\/wp-content\/uploads\/2025\/09\/IMG_1060-2-1070x1427.jpg 1070w, https:\/\/durabilitas.ch\/wp-content\/uploads\/2025\/09\/IMG_1060-2-470x627.jpg 470w, https:\/\/durabilitas.ch\/wp-content\/uploads\/2025\/09\/IMG_1060-2-1360x1813.jpg 1360w\" sizes=\"auto, (max-width: 1920px) 100vw, 1920px\" \/>                <\/figure>\r\n        \r\n    <\/div><!-- .page-header__content -->\r\n\r\n            <a class=\"link-overview\" href=\"https:\/\/durabilitas.ch\/fr\/actualites\/\">\r\n            vue d&rsquo;ensemble        <\/a>\r\n    \r\n\r\n<\/header>\r\n\r\n\n\n\n<p class=\"wp-block-paragraph\"><em>Pour y parvenir, l\u2019association mise sur une collaboration intersectorielle forte et sur des conditions-cadres favorables.&nbsp;<\/em><\/p>\n\n\n\r\n<div id=\"button-block_2882937218fbc920563312ebfbf9fea2\" class=\"button-block has-spacing--default has-text-align-center\">\r\n    <a class=\"btn--background\" href=\"https:\/\/durabilitas.ch\/wp-content\/uploads\/2025\/09\/CP_SwissREuse_020925_Durabilitas.pdf\" target=\"_blank\">\r\n        Vers le communiqu\u00e9 de presse    <\/a>\r\n<\/div>\r\n\r\n\n\n\n<h3 class=\"wp-block-heading\">Un d\u00e9fi collectif<\/h3>\n\n\n\n<p class=\"wp-block-paragraph\">De plus en plus d\u2019entreprises suisses explorent des alternatives durables au mod\u00e8le du jetable. Cette \u00e9volution s\u2019explique non seulement par une volont\u00e9 accrue de durabilit\u00e9, mais aussi par les r\u00e9centes tensions dans les cha\u00eenes d\u2019approvisionnement et la hausse des prix des mati\u00e8res premi\u00e8res.<\/p>\n\n\n\n<p class=\"wp-block-paragraph\">Pour que la r\u00e9utilisation s\u2019installe r\u00e9ellement \u00e0 l\u2019\u00e9chelle nationale, les parties prenantes tout au long de la cha\u00eene de valeur doivent unir les forces et agir ensemble.&nbsp;<\/p>\n\n\n\r\n<figure id=\"image-block_1391feed39b1b2bcdd8c4ed70f0416ce\" class=\"image-block fade-up has-spacing--default\">\r\n    \r\n    <img loading=\"lazy\" decoding=\"async\" width=\"1000\" height=\"667\" src=\"https:\/\/durabilitas.ch\/wp-content\/uploads\/2025\/08\/Swiss_Reuse_2025.jpeg\" class=\"attachment-single-image--full size-single-image--full\" alt=\"De gauche \u00e0 droite : Christine Arnet (Vetropack), Gwenola Ducamp (Vetropack), Johanna Huber (Durabilitas), Herv\u00e9 Le Pezennec (R\u00e9seau Consignes), Martina Rapp (Durabilitas), Gis\u00e8le Stoller Laubi (Vetrum), Svetlana Gouret (R\u00e9seau Consignes), Samuel Laubi (Vetrum), Jeannette Morath (reCircle), Anna Sarafianou (Doktor Gab&#039;s), Stanislas Bless (Kegsmann)\" srcset=\"https:\/\/durabilitas.ch\/wp-content\/uploads\/2025\/08\/Swiss_Reuse_2025.jpeg 1000w, https:\/\/durabilitas.ch\/wp-content\/uploads\/2025\/08\/Swiss_Reuse_2025-300x200.jpeg 300w, https:\/\/durabilitas.ch\/wp-content\/uploads\/2025\/08\/Swiss_Reuse_2025-768x512.jpeg 768w, https:\/\/durabilitas.ch\/wp-content\/uploads\/2025\/08\/Swiss_Reuse_2025-470x313.jpeg 470w\" sizes=\"auto, (max-width: 1000px) 100vw, 1000px\" \/><figcaption class=\"image-block__caption\">De gauche \u00e0 droite : Christine Arnet (Vetropack), Gwenola Ducamp (Vetropack), Johanna Huber (Durabilitas), Herv\u00e9 Le Pezennec (R\u00e9seau Consignes), Martina Rapp (Durabilitas), Gis\u00e8le Stoller Laubi (Vetrum), Svetlana Gouret (R\u00e9seau Consignes), Samuel Laubi (Vetrum), Jeannette Morath (reCircle), Anna Sarafianou (Doktor Gab&#039;s), Stanislas Bless (Kegsmann)<\/figcaption><\/figure>\r\n\r\n\n\n\n<h3 class=\"wp-block-heading\">Une r\u00e9ponse concr\u00e8te\u00a0: Swiss REuse<\/h3>\n\n\n\n<p class=\"wp-block-paragraph\">S\u2019inspirant des exp\u00e9riences internationales et des enseignements tir\u00e9s du terrain, Swiss REuse propose une approche collaborative et pragmatique.<\/p>\n\n\n\n<p class=\"wp-block-paragraph\">L\u2019association vise \u00e0 rassembler des producteurs d\u2019emballages, des fabricants de produits alimentaires et non alimentaires, des distributeurs ainsi que des acteurs de la logistique, dans le but de d\u00e9velopper des solutions communes et adapt\u00e9es aux r\u00e9alit\u00e9s du march\u00e9 suisse.<\/p>\n\n\n\r\n<div id=\"testimonial-slider-block_2587d9b637be64e9bc8b276e4f588485\" class=\"testimonial-slider splide has-spacing--default\" role=\"group\" aria-label=\"Testimonial-Slider\">\r\n\r\n     \r\n        <h3 class=\"wp-block-heading is-style--kicker\">Une vision commune<\/h3>\r\n    \r\n    <div class=\"splide__navigation navi--top\">\r\n\r\n        <div class=\"splide__arrows\">\r\n\r\n            <button class=\"splide__arrow splide__arrow--prev image-slider__arrow splide__arrow--reverse\">\r\n                <img decoding=\"async\" src=\"https:\/\/durabilitas.ch\/wp-content\/themes\/durabilitas-theme\/assets\/img\/icons\/icon-arrow-left.svg\" alt=\"Previous Slide\">\r\n            <\/button>\r\n\r\n            <button class=\"splide__arrow splide__arrow--next image-slider__arrow splide__arrow--reverse\">\r\n                <img decoding=\"async\" src=\"https:\/\/durabilitas.ch\/wp-content\/themes\/durabilitas-theme\/assets\/img\/icons\/icon-arrow-left.svg\" alt=\"Next Slide\">\r\n            <\/button>\r\n        <\/div><!-- .splide__arrows -->\r\n\r\n    <\/div><!-- .splide__navigation -->  \r\n\r\n    <div class=\"splide__track\">\r\n        <div class=\"splide__list\">\r\n\r\n            \r\n                <div class=\"testimonial-slide splide__slide\">\r\n\r\n                    \r\n                        <figure class=\"testimonial-slide__image\">\r\n                            <img loading=\"lazy\" decoding=\"async\" width=\"430\" height=\"430\" src=\"https:\/\/durabilitas.ch\/wp-content\/uploads\/2025\/04\/Kreislaufwirtschaft-KMU-Erfolg_8-430x430.png\" class=\"attachment-testimonial-slider-image size-testimonial-slider-image\" alt=\"\" srcset=\"https:\/\/durabilitas.ch\/wp-content\/uploads\/2025\/04\/Kreislaufwirtschaft-KMU-Erfolg_8-430x430.png 430w, https:\/\/durabilitas.ch\/wp-content\/uploads\/2025\/04\/Kreislaufwirtschaft-KMU-Erfolg_8-300x300.png 300w, https:\/\/durabilitas.ch\/wp-content\/uploads\/2025\/04\/Kreislaufwirtschaft-KMU-Erfolg_8-1024x1024.png 1024w, https:\/\/durabilitas.ch\/wp-content\/uploads\/2025\/04\/Kreislaufwirtschaft-KMU-Erfolg_8-150x150.png 150w, https:\/\/durabilitas.ch\/wp-content\/uploads\/2025\/04\/Kreislaufwirtschaft-KMU-Erfolg_8-768x768.png 768w, https:\/\/durabilitas.ch\/wp-content\/uploads\/2025\/04\/Kreislaufwirtschaft-KMU-Erfolg_8-1536x1536.png 1536w, https:\/\/durabilitas.ch\/wp-content\/uploads\/2025\/04\/Kreislaufwirtschaft-KMU-Erfolg_8-1070x1070.png 1070w, https:\/\/durabilitas.ch\/wp-content\/uploads\/2025\/04\/Kreislaufwirtschaft-KMU-Erfolg_8-470x470.png 470w, https:\/\/durabilitas.ch\/wp-content\/uploads\/2025\/04\/Kreislaufwirtschaft-KMU-Erfolg_8.png 2048w\" sizes=\"auto, (max-width: 430px) 100vw, 430px\" \/>                        <\/figure>\r\n\r\n                    \r\n                    <div class=\"testimonial-slide__content\">\r\n                        \r\n                        <blockquote>\r\n                            <p class=\"testimonial-slide__quote\">\r\n                                La r\u00e9utilisation des emballages doit redevenir une \u00e9vidence en Suisse sur les plans \u00e9cologique, \u00e9conomique et social.                             <\/p>\r\n                            <cite><\/cite>\r\n                        <\/blockquote>\r\n\r\n                    <\/div>\r\n\r\n                <\/div><!-- .testimonial-slide -->\r\n\r\n            \r\n        <\/div><!-- .splide__list -->\r\n    <\/div><!-- .splide__track -->\r\n\r\n  \r\n\r\n<\/div><!-- .testimonial-slider -->\r\n\r\n\n\n\n<p class=\"wp-block-paragraph\">L\u2019association se veut repr\u00e9sentative, orient\u00e9e vers l\u2019action et ind\u00e9pendante. Elle est pr\u00eate \u00e0 d\u00e9fendre des conditions-cadres permettant \u00e0 la r\u00e9utilisation de se d\u00e9ployer \u00e0 grande \u00e9chelle.<\/p>\n\n\n\n<h3 class=\"wp-block-heading\">Les buts de l\u2019association<\/h3>\n\n\n\n<p class=\"wp-block-paragraph\">L\u2019association a pour mission de cr\u00e9er des synergies et de mettre en r\u00e9seau les acteur.trices, de centraliser les connaissances et partager les bonnes pratiques, de proposer des standards et des processus harmonis\u00e9s, d\u2019agir pour des conditions-cadres favorables et de rendre visibles les avantages \u00e9cologiques, \u00e9conomiques et sociaux de la r\u00e9utilisation des emballages.<\/p>\n\n\n\n<h3 class=\"wp-block-heading has-spacing--default\">Des fondateurs engag\u00e9s<\/h3>\n\n\n\n<p class=\"wp-block-paragraph\">Swiss REuse s\u2019appuie sur la force et la diversit\u00e9 de dix membres fondateurs : ReCircle, Vetrum, Docteur Gab\u2019s, Vetropack, LeihBOX, Novae Restauration, Ecomanif, R\u00e9seau Consignes, Kegsman et Durabilitas.<\/p>\n\n\n\n<p class=\"wp-block-paragraph\">Gr\u00e2ce \u00e0 leur expertise et \u00e0 leurs ancrages r\u00e9gionaux, ces acteurs incarnent la volont\u00e9 d\u2019unir diff\u00e9rents secteurs autour d\u2019un mouvement national fort pour faire avancer la r\u00e9utilisation.<\/p>\n\n\n\r\n<div id=\"testimonial-slider-block_29015b3be1c5accc3f0aa18ae72bd6ea\" class=\"testimonial-slider splide has-spacing--default\" role=\"group\" aria-label=\"Testimonial-Slider\">\r\n\r\n    \r\n    <div class=\"splide__navigation navi--top\">\r\n\r\n        <div class=\"splide__arrows\">\r\n\r\n            <button class=\"splide__arrow splide__arrow--prev image-slider__arrow splide__arrow--reverse\">\r\n                <img decoding=\"async\" src=\"https:\/\/durabilitas.ch\/wp-content\/themes\/durabilitas-theme\/assets\/img\/icons\/icon-arrow-left.svg\" alt=\"Previous Slide\">\r\n            <\/button>\r\n\r\n            <button class=\"splide__arrow splide__arrow--next image-slider__arrow splide__arrow--reverse\">\r\n                <img decoding=\"async\" src=\"https:\/\/durabilitas.ch\/wp-content\/themes\/durabilitas-theme\/assets\/img\/icons\/icon-arrow-left.svg\" alt=\"Next Slide\">\r\n            <\/button>\r\n        <\/div><!-- .splide__arrows -->\r\n\r\n    <\/div><!-- .splide__navigation -->  \r\n\r\n    <div class=\"splide__track\">\r\n        <div class=\"splide__list\">\r\n\r\n            \r\n                <div class=\"testimonial-slide splide__slide\">\r\n\r\n                    \r\n                        <figure class=\"testimonial-slide__image\">\r\n                            <img loading=\"lazy\" decoding=\"async\" width=\"430\" height=\"430\" src=\"https:\/\/durabilitas.ch\/wp-content\/uploads\/2025\/01\/RaphaelDupertuis-RD7_9674-gross-430x430.jpg\" class=\"attachment-testimonial-slider-image size-testimonial-slider-image\" alt=\"\" srcset=\"https:\/\/durabilitas.ch\/wp-content\/uploads\/2025\/01\/RaphaelDupertuis-RD7_9674-gross-430x430.jpg 430w, https:\/\/durabilitas.ch\/wp-content\/uploads\/2025\/01\/RaphaelDupertuis-RD7_9674-gross-150x150.jpg 150w\" sizes=\"auto, (max-width: 430px) 100vw, 430px\" \/>                        <\/figure>\r\n\r\n                    \r\n                    <div class=\"testimonial-slide__content\">\r\n                        \r\n                        <blockquote>\r\n                            <p class=\"testimonial-slide__quote\">\r\n                                \u00ab\u00a0Les citoyens sont favorables et les solutions existent mais le cadre l\u00e9gislatif manque pour activer et faciliter le mouvement vers la normalisation des emballages r\u00e9utilisables. Il est temps pour regrouper nos forces et volont\u00e9s afin d&rsquo;infl\u00e9chir cette tendance actuelle du tout jetable.\u00a0\u00bb                            <\/p>\r\n                            <cite>Le Pezennec Herv\u00e9, R\u00e9seau Consignes, co-pr\u00e9sident de Swiss REuse<\/cite>\r\n                        <\/blockquote>\r\n\r\n                    <\/div>\r\n\r\n                <\/div><!-- .testimonial-slide -->\r\n\r\n            \r\n                <div class=\"testimonial-slide splide__slide\">\r\n\r\n                    \r\n                        <figure class=\"testimonial-slide__image\">\r\n                            <img loading=\"lazy\" decoding=\"async\" width=\"430\" height=\"430\" src=\"https:\/\/durabilitas.ch\/wp-content\/uploads\/2025\/09\/Gisele-Stoller-Laubi-430x430.jpeg\" class=\"attachment-testimonial-slider-image size-testimonial-slider-image\" alt=\"\" srcset=\"https:\/\/durabilitas.ch\/wp-content\/uploads\/2025\/09\/Gisele-Stoller-Laubi-430x430.jpeg 430w, https:\/\/durabilitas.ch\/wp-content\/uploads\/2025\/09\/Gisele-Stoller-Laubi-150x150.jpeg 150w\" sizes=\"auto, (max-width: 430px) 100vw, 430px\" \/>                        <\/figure>\r\n\r\n                    \r\n                    <div class=\"testimonial-slide__content\">\r\n                        \r\n                        <blockquote>\r\n                            <p class=\"testimonial-slide__quote\">\r\n                                \u00ab\u00a0La r\u00e9utilisation doit devenir la norme en Suisse, pas l\u2019exception. Avec Swiss REuse, nous posons les bases d\u2019un syst\u00e8me harmonis\u00e9 et solide, b\u00e9n\u00e9fique \u00e0 la fois pour les entreprises, les consommateurs et l\u2019environnement.\u00a0\u00bb                            <\/p>\r\n                            <cite>Stoller Laubi Gis\u00e8le, Vetrum, co-pr\u00e9sidente de Swiss REuse<\/cite>\r\n                        <\/blockquote>\r\n\r\n                    <\/div>\r\n\r\n                <\/div><!-- .testimonial-slide -->\r\n\r\n            \r\n        <\/div><!-- .splide__list -->\r\n    <\/div><!-- .splide__track -->\r\n\r\n  \r\n\r\n<\/div><!-- .testimonial-slider -->\r\n\r\n\n\n\r\n    <div id=\"infobox-block_d0c26098265f57495f136218cd122da3\" class=\"infobox-block-outer has-spacing--default\">\r\n\r\n        <div class=\"infobox\">\n\n<h3 class=\"wp-block-heading infobox__headline\">Faits &amp; chiffres<\/h3>\n\n\n\n<p class=\"infobox__text\">En Europe ils existent d\u00e9j\u00e0 plus de huit associations nationales, de la France \u00e0 l\u2019Allemagne, d\u00e9di\u00e9es \u00e0 la r\u00e9utilisation des emballages \u2013 ces exemples montrent l\u2019importance de ces structures pour la branche.<br><br>Plus de 50 organisations suisses ont sign\u00e9 une d\u00e9claration d\u2019int\u00e9r\u00eat en faveur de la cr\u00e9ation d\u2019une association nationale d\u00e9di\u00e9e \u00e0 la r\u00e9utilisation des emballages.<br><br>Selon l\u2019Office f\u00e9d\u00e9ral de l\u2019environnement (OFEV), plus d\u2019un milliard d\u2019emballages jetables sont produits chaque ann\u00e9e en Suisse rien que dans le secteur de la vente \u00e0 l\u2019emporter.<br><br>Une \u00e9tude de Deloitte (<em>Sustainable Consumer Report 2023<\/em>) r\u00e9v\u00e8le que 74 % des consommateurs europ\u00e9ens sont pr\u00eats \u00e0 payer davantage pour des emballages durables.<\/p>\n\n<\/div>\r\n        \r\n    <\/div>\r\n\r\n\n\n\n<h3 class=\"wp-block-heading\">\u00c0 propos de Swiss REuse<\/h3>\n\n\n\n<p class=\"wp-block-paragraph\">Swiss REuse est la premi\u00e8re association suisse d\u00e9di\u00e9e \u00e0 la r\u00e9utilisation des emballages. Co-cr\u00e9\u00e9e par des entreprises et organisations de divers secteurs, elle a pour objectif de coordonner la cha\u00eene de valeur, d\u2019harmoniser les pratiques et de revendiquer des conditions-cadres favorables \u00e0 la r\u00e9utilisation des emballages.<\/p>\n\n\n\n<p class=\"wp-block-paragraph\">Dans les prochains mois, l\u2019association se concentrera sur la mise en place de ses structures, l\u2019int\u00e9gration de nouveaux membres et le d\u00e9veloppement des premi\u00e8res orientations communes. Les entreprises, organisations et institutions qui souhaitent faire avancer la r\u00e9utilisation sont invit\u00e9es \u00e0 s\u2019y engager activement.<\/p>\n\n\n\r\n<div id=\"button-block_fa10b334ce3a014deb1e3525b2785bfc\" class=\"button-block has-spacing--default has-text-align-center\">\r\n    <a class=\"btn--background\" href=\"https:\/\/durabilitas.ch\/fr\/projets\/swiss-reuse\/\" target=\"_blank\">\r\n        En savoir plus sur Swiss REuse    <\/a>\r\n<\/div>\r\n\r\n","protected":false},"excerpt":{"rendered":"<p>Une \u00e9tape cl\u00e9 pour l\u2019\u00e9conomie circulaire en Suisse : la premi\u00e8re association nationale d\u00e9di\u00e9e \u00e0 &#8230;<\/p>\n","protected":false},"author":3,"featured_media":5430,"comment_status":"closed","ping_status":"closed","sticky":false,"template":"","format":"standard","meta":{"_acf_changed":false,"footnotes":""},"categories":[71,73,78,87],"tags":[],"class_list":["post-5445","post","type-post","status-publish","format-standard","has-post-thumbnail","hentry","category-dialogue","category-transfert-de-connaissances","category-economie-circulaire","category-publications"],"acf":[],"yoast_head":"<!-- This site is optimized with the Yoast SEO plugin v27.3 - https:\/\/yoast.com\/product\/yoast-seo-wordpress\/ -->\n<title>Cr\u00e9ation de la 1\u00e8re association suisse d\u00e9di\u00e9e \u00e0 la r\u00e9utilisation des emballages - Durabilitas<\/title>\n<meta name=\"description\" content=\"Une \u00e9tape cl\u00e9 pour l\u2019\u00e9conomie circulaire en Suisse : Swiss REuse a \u00e9t\u00e9 fond\u00e9e ce mardi par plusieurs organisations.\" \/>\n<meta name=\"robots\" content=\"index, follow, max-snippet:-1, max-image-preview:large, max-video-preview:-1\" \/>\n<link rel=\"canonical\" href=\"https:\/\/durabilitas.ch\/fr\/themes\/economie-circulaire\/creation-de-la-premiere-association-suisse-dediee-a-la-reutilisation\/\" \/>\n<meta property=\"og:locale\" content=\"fr_FR\" \/>\n<meta property=\"og:type\" content=\"article\" \/>\n<meta property=\"og:title\" content=\"Cr\u00e9ation de la 1\u00e8re association suisse d\u00e9di\u00e9e \u00e0 la r\u00e9utilisation des emballages - Durabilitas\" \/>\n<meta property=\"og:description\" content=\"Une \u00e9tape cl\u00e9 pour l\u2019\u00e9conomie circulaire en Suisse : Swiss REuse a \u00e9t\u00e9 fond\u00e9e ce mardi par plusieurs organisations.\" \/>\n<meta property=\"og:url\" content=\"https:\/\/durabilitas.ch\/fr\/themes\/economie-circulaire\/creation-de-la-premiere-association-suisse-dediee-a-la-reutilisation\/\" \/>\n<meta property=\"og:site_name\" content=\"Durabilitas\" \/>\n<meta property=\"article:published_time\" content=\"2025-09-04T13:51:25+00:00\" \/>\n<meta property=\"article:modified_time\" content=\"2025-09-11T12:50:36+00:00\" \/>\n<meta name=\"author\" content=\"Heidi Schmidt\" \/>\n<meta name=\"twitter:card\" content=\"summary_large_image\" \/>\n<script type=\"application\/ld+json\" class=\"yoast-schema-graph\">{\"@context\":\"https:\\\/\\\/schema.org\",\"@graph\":[{\"@type\":\"Article\",\"@id\":\"https:\\\/\\\/durabilitas.ch\\\/fr\\\/themes\\\/economie-circulaire\\\/creation-de-la-premiere-association-suisse-dediee-a-la-reutilisation\\\/#article\",\"isPartOf\":{\"@id\":\"https:\\\/\\\/durabilitas.ch\\\/fr\\\/themes\\\/economie-circulaire\\\/creation-de-la-premiere-association-suisse-dediee-a-la-reutilisation\\\/\"},\"author\":{\"name\":\"Heidi Schmidt\",\"@id\":\"https:\\\/\\\/durabilitas.ch\\\/fr\\\/#\\\/schema\\\/person\\\/a59e0eb7e6593c7031b6d27dcfdbb67c\"},\"headline\":\"Cr\u00e9ation de la 1\u00e8re association suisse d\u00e9di\u00e9e \u00e0 la r\u00e9utilisation des emballages\",\"datePublished\":\"2025-09-04T13:51:25+00:00\",\"dateModified\":\"2025-09-11T12:50:36+00:00\",\"mainEntityOfPage\":{\"@id\":\"https:\\\/\\\/durabilitas.ch\\\/fr\\\/themes\\\/economie-circulaire\\\/creation-de-la-premiere-association-suisse-dediee-a-la-reutilisation\\\/\"},\"wordCount\":662,\"image\":{\"@id\":\"https:\\\/\\\/durabilitas.ch\\\/fr\\\/themes\\\/economie-circulaire\\\/creation-de-la-premiere-association-suisse-dediee-a-la-reutilisation\\\/#primaryimage\"},\"thumbnailUrl\":\"https:\\\/\\\/durabilitas.ch\\\/wp-content\\\/uploads\\\/2025\\\/09\\\/IMG_1060-2-scaled.jpg\",\"articleSection\":[\"Dialogue\",\"Transfert de connaissances\",\"\u00c9conomie circulaire\",\"M\u00e9dias &amp; Publications\"],\"inLanguage\":\"fr-FR\"},{\"@type\":\"WebPage\",\"@id\":\"https:\\\/\\\/durabilitas.ch\\\/fr\\\/themes\\\/economie-circulaire\\\/creation-de-la-premiere-association-suisse-dediee-a-la-reutilisation\\\/\",\"url\":\"https:\\\/\\\/durabilitas.ch\\\/fr\\\/themes\\\/economie-circulaire\\\/creation-de-la-premiere-association-suisse-dediee-a-la-reutilisation\\\/\",\"name\":\"Cr\u00e9ation de la 1\u00e8re association suisse d\u00e9di\u00e9e \u00e0 la r\u00e9utilisation des emballages - Durabilitas\",\"isPartOf\":{\"@id\":\"https:\\\/\\\/durabilitas.ch\\\/fr\\\/#website\"},\"primaryImageOfPage\":{\"@id\":\"https:\\\/\\\/durabilitas.ch\\\/fr\\\/themes\\\/economie-circulaire\\\/creation-de-la-premiere-association-suisse-dediee-a-la-reutilisation\\\/#primaryimage\"},\"image\":{\"@id\":\"https:\\\/\\\/durabilitas.ch\\\/fr\\\/themes\\\/economie-circulaire\\\/creation-de-la-premiere-association-suisse-dediee-a-la-reutilisation\\\/#primaryimage\"},\"thumbnailUrl\":\"https:\\\/\\\/durabilitas.ch\\\/wp-content\\\/uploads\\\/2025\\\/09\\\/IMG_1060-2-scaled.jpg\",\"datePublished\":\"2025-09-04T13:51:25+00:00\",\"dateModified\":\"2025-09-11T12:50:36+00:00\",\"author\":{\"@id\":\"https:\\\/\\\/durabilitas.ch\\\/fr\\\/#\\\/schema\\\/person\\\/a59e0eb7e6593c7031b6d27dcfdbb67c\"},\"description\":\"Une \u00e9tape cl\u00e9 pour l\u2019\u00e9conomie circulaire en Suisse : Swiss REuse a \u00e9t\u00e9 fond\u00e9e ce mardi par plusieurs organisations.\",\"breadcrumb\":{\"@id\":\"https:\\\/\\\/durabilitas.ch\\\/fr\\\/themes\\\/economie-circulaire\\\/creation-de-la-premiere-association-suisse-dediee-a-la-reutilisation\\\/#breadcrumb\"},\"inLanguage\":\"fr-FR\",\"potentialAction\":[{\"@type\":\"ReadAction\",\"target\":[\"https:\\\/\\\/durabilitas.ch\\\/fr\\\/themes\\\/economie-circulaire\\\/creation-de-la-premiere-association-suisse-dediee-a-la-reutilisation\\\/\"]}]},{\"@type\":\"ImageObject\",\"inLanguage\":\"fr-FR\",\"@id\":\"https:\\\/\\\/durabilitas.ch\\\/fr\\\/themes\\\/economie-circulaire\\\/creation-de-la-premiere-association-suisse-dediee-a-la-reutilisation\\\/#primaryimage\",\"url\":\"https:\\\/\\\/durabilitas.ch\\\/wp-content\\\/uploads\\\/2025\\\/09\\\/IMG_1060-2-scaled.jpg\",\"contentUrl\":\"https:\\\/\\\/durabilitas.ch\\\/wp-content\\\/uploads\\\/2025\\\/09\\\/IMG_1060-2-scaled.jpg\",\"width\":1920,\"height\":2560},{\"@type\":\"BreadcrumbList\",\"@id\":\"https:\\\/\\\/durabilitas.ch\\\/fr\\\/themes\\\/economie-circulaire\\\/creation-de-la-premiere-association-suisse-dediee-a-la-reutilisation\\\/#breadcrumb\",\"itemListElement\":[{\"@type\":\"ListItem\",\"position\":1,\"name\":\"Home\",\"item\":\"https:\\\/\\\/durabilitas.ch\\\/fr\\\/\"},{\"@type\":\"ListItem\",\"position\":2,\"name\":\"Cr\u00e9ation de la 1\u00e8re association suisse d\u00e9di\u00e9e \u00e0 la r\u00e9utilisation des emballages\"}]},{\"@type\":\"WebSite\",\"@id\":\"https:\\\/\\\/durabilitas.ch\\\/fr\\\/#website\",\"url\":\"https:\\\/\\\/durabilitas.ch\\\/fr\\\/\",\"name\":\"Durabilitas\",\"description\":\"\",\"potentialAction\":[{\"@type\":\"SearchAction\",\"target\":{\"@type\":\"EntryPoint\",\"urlTemplate\":\"https:\\\/\\\/durabilitas.ch\\\/fr\\\/?s={search_term_string}\"},\"query-input\":{\"@type\":\"PropertyValueSpecification\",\"valueRequired\":true,\"valueName\":\"search_term_string\"}}],\"inLanguage\":\"fr-FR\"},{\"@type\":\"Person\",\"@id\":\"https:\\\/\\\/durabilitas.ch\\\/fr\\\/#\\\/schema\\\/person\\\/a59e0eb7e6593c7031b6d27dcfdbb67c\",\"name\":\"Heidi Schmidt\",\"image\":{\"@type\":\"ImageObject\",\"inLanguage\":\"fr-FR\",\"@id\":\"https:\\\/\\\/secure.gravatar.com\\\/avatar\\\/4f5dd5e1a10fe8bc6a4fb0c7e6fc6374a43b828756778dd8df4915466e3f1b7e?s=96&d=mm&r=g\",\"url\":\"https:\\\/\\\/secure.gravatar.com\\\/avatar\\\/4f5dd5e1a10fe8bc6a4fb0c7e6fc6374a43b828756778dd8df4915466e3f1b7e?s=96&d=mm&r=g\",\"contentUrl\":\"https:\\\/\\\/secure.gravatar.com\\\/avatar\\\/4f5dd5e1a10fe8bc6a4fb0c7e6fc6374a43b828756778dd8df4915466e3f1b7e?s=96&d=mm&r=g\",\"caption\":\"Heidi Schmidt\"},\"sameAs\":[\"https:\\\/\\\/www.sanudurabilitas.ch\\\/\"],\"url\":\"https:\\\/\\\/durabilitas.ch\\\/fr\\\/author\\\/heidi_schmidt\\\/\"}]}<\/script>\n<!-- \/ Yoast SEO plugin. -->","yoast_head_json":{"title":"Cr\u00e9ation de la 1\u00e8re association suisse d\u00e9di\u00e9e \u00e0 la r\u00e9utilisation des emballages - Durabilitas","description":"Une \u00e9tape cl\u00e9 pour l\u2019\u00e9conomie circulaire en Suisse : Swiss REuse a \u00e9t\u00e9 fond\u00e9e ce mardi par plusieurs organisations.","robots":{"index":"index","follow":"follow","max-snippet":"max-snippet:-1","max-image-preview":"max-image-preview:large","max-video-preview":"max-video-preview:-1"},"canonical":"https:\/\/durabilitas.ch\/fr\/themes\/economie-circulaire\/creation-de-la-premiere-association-suisse-dediee-a-la-reutilisation\/","og_locale":"fr_FR","og_type":"article","og_title":"Cr\u00e9ation de la 1\u00e8re association suisse d\u00e9di\u00e9e \u00e0 la r\u00e9utilisation des emballages - Durabilitas","og_description":"Une \u00e9tape cl\u00e9 pour l\u2019\u00e9conomie circulaire en Suisse : Swiss REuse a \u00e9t\u00e9 fond\u00e9e ce mardi par plusieurs organisations.","og_url":"https:\/\/durabilitas.ch\/fr\/themes\/economie-circulaire\/creation-de-la-premiere-association-suisse-dediee-a-la-reutilisation\/","og_site_name":"Durabilitas","article_published_time":"2025-09-04T13:51:25+00:00","article_modified_time":"2025-09-11T12:50:36+00:00","author":"Heidi Schmidt","twitter_card":"summary_large_image","schema":{"@context":"https:\/\/schema.org","@graph":[{"@type":"Article","@id":"https:\/\/durabilitas.ch\/fr\/themes\/economie-circulaire\/creation-de-la-premiere-association-suisse-dediee-a-la-reutilisation\/#article","isPartOf":{"@id":"https:\/\/durabilitas.ch\/fr\/themes\/economie-circulaire\/creation-de-la-premiere-association-suisse-dediee-a-la-reutilisation\/"},"author":{"name":"Heidi Schmidt","@id":"https:\/\/durabilitas.ch\/fr\/#\/schema\/person\/a59e0eb7e6593c7031b6d27dcfdbb67c"},"headline":"Cr\u00e9ation de la 1\u00e8re association suisse d\u00e9di\u00e9e \u00e0 la r\u00e9utilisation des emballages","datePublished":"2025-09-04T13:51:25+00:00","dateModified":"2025-09-11T12:50:36+00:00","mainEntityOfPage":{"@id":"https:\/\/durabilitas.ch\/fr\/themes\/economie-circulaire\/creation-de-la-premiere-association-suisse-dediee-a-la-reutilisation\/"},"wordCount":662,"image":{"@id":"https:\/\/durabilitas.ch\/fr\/themes\/economie-circulaire\/creation-de-la-premiere-association-suisse-dediee-a-la-reutilisation\/#primaryimage"},"thumbnailUrl":"https:\/\/durabilitas.ch\/wp-content\/uploads\/2025\/09\/IMG_1060-2-scaled.jpg","articleSection":["Dialogue","Transfert de connaissances","\u00c9conomie circulaire","M\u00e9dias &amp; Publications"],"inLanguage":"fr-FR"},{"@type":"WebPage","@id":"https:\/\/durabilitas.ch\/fr\/themes\/economie-circulaire\/creation-de-la-premiere-association-suisse-dediee-a-la-reutilisation\/","url":"https:\/\/durabilitas.ch\/fr\/themes\/economie-circulaire\/creation-de-la-premiere-association-suisse-dediee-a-la-reutilisation\/","name":"Cr\u00e9ation de la 1\u00e8re association suisse d\u00e9di\u00e9e \u00e0 la r\u00e9utilisation des emballages - Durabilitas","isPartOf":{"@id":"https:\/\/durabilitas.ch\/fr\/#website"},"primaryImageOfPage":{"@id":"https:\/\/durabilitas.ch\/fr\/themes\/economie-circulaire\/creation-de-la-premiere-association-suisse-dediee-a-la-reutilisation\/#primaryimage"},"image":{"@id":"https:\/\/durabilitas.ch\/fr\/themes\/economie-circulaire\/creation-de-la-premiere-association-suisse-dediee-a-la-reutilisation\/#primaryimage"},"thumbnailUrl":"https:\/\/durabilitas.ch\/wp-content\/uploads\/2025\/09\/IMG_1060-2-scaled.jpg","datePublished":"2025-09-04T13:51:25+00:00","dateModified":"2025-09-11T12:50:36+00:00","author":{"@id":"https:\/\/durabilitas.ch\/fr\/#\/schema\/person\/a59e0eb7e6593c7031b6d27dcfdbb67c"},"description":"Une \u00e9tape cl\u00e9 pour l\u2019\u00e9conomie circulaire en Suisse : Swiss REuse a \u00e9t\u00e9 fond\u00e9e ce mardi par plusieurs organisations.","breadcrumb":{"@id":"https:\/\/durabilitas.ch\/fr\/themes\/economie-circulaire\/creation-de-la-premiere-association-suisse-dediee-a-la-reutilisation\/#breadcrumb"},"inLanguage":"fr-FR","potentialAction":[{"@type":"ReadAction","target":["https:\/\/durabilitas.ch\/fr\/themes\/economie-circulaire\/creation-de-la-premiere-association-suisse-dediee-a-la-reutilisation\/"]}]},{"@type":"ImageObject","inLanguage":"fr-FR","@id":"https:\/\/durabilitas.ch\/fr\/themes\/economie-circulaire\/creation-de-la-premiere-association-suisse-dediee-a-la-reutilisation\/#primaryimage","url":"https:\/\/durabilitas.ch\/wp-content\/uploads\/2025\/09\/IMG_1060-2-scaled.jpg","contentUrl":"https:\/\/durabilitas.ch\/wp-content\/uploads\/2025\/09\/IMG_1060-2-scaled.jpg","width":1920,"height":2560},{"@type":"BreadcrumbList","@id":"https:\/\/durabilitas.ch\/fr\/themes\/economie-circulaire\/creation-de-la-premiere-association-suisse-dediee-a-la-reutilisation\/#breadcrumb","itemListElement":[{"@type":"ListItem","position":1,"name":"Home","item":"https:\/\/durabilitas.ch\/fr\/"},{"@type":"ListItem","position":2,"name":"Cr\u00e9ation de la 1\u00e8re association suisse d\u00e9di\u00e9e \u00e0 la r\u00e9utilisation des emballages"}]},{"@type":"WebSite","@id":"https:\/\/durabilitas.ch\/fr\/#website","url":"https:\/\/durabilitas.ch\/fr\/","name":"Durabilitas","description":"","potentialAction":[{"@type":"SearchAction","target":{"@type":"EntryPoint","urlTemplate":"https:\/\/durabilitas.ch\/fr\/?s={search_term_string}"},"query-input":{"@type":"PropertyValueSpecification","valueRequired":true,"valueName":"search_term_string"}}],"inLanguage":"fr-FR"},{"@type":"Person","@id":"https:\/\/durabilitas.ch\/fr\/#\/schema\/person\/a59e0eb7e6593c7031b6d27dcfdbb67c","name":"Heidi Schmidt","image":{"@type":"ImageObject","inLanguage":"fr-FR","@id":"https:\/\/secure.gravatar.com\/avatar\/4f5dd5e1a10fe8bc6a4fb0c7e6fc6374a43b828756778dd8df4915466e3f1b7e?s=96&d=mm&r=g","url":"https:\/\/secure.gravatar.com\/avatar\/4f5dd5e1a10fe8bc6a4fb0c7e6fc6374a43b828756778dd8df4915466e3f1b7e?s=96&d=mm&r=g","contentUrl":"https:\/\/secure.gravatar.com\/avatar\/4f5dd5e1a10fe8bc6a4fb0c7e6fc6374a43b828756778dd8df4915466e3f1b7e?s=96&d=mm&r=g","caption":"Heidi Schmidt"},"sameAs":["https:\/\/www.sanudurabilitas.ch\/"],"url":"https:\/\/durabilitas.ch\/fr\/author\/heidi_schmidt\/"}]}},"_links":{"self":[{"href":"https:\/\/durabilitas.ch\/fr\/wp-json\/wp\/v2\/posts\/5445","targetHints":{"allow":["GET"]}}],"collection":[{"href":"https:\/\/durabilitas.ch\/fr\/wp-json\/wp\/v2\/posts"}],"about":[{"href":"https:\/\/durabilitas.ch\/fr\/wp-json\/wp\/v2\/types\/post"}],"author":[{"embeddable":true,"href":"https:\/\/durabilitas.ch\/fr\/wp-json\/wp\/v2\/users\/3"}],"replies":[{"embeddable":true,"href":"https:\/\/durabilitas.ch\/fr\/wp-json\/wp\/v2\/comments?post=5445"}],"version-history":[{"count":3,"href":"https:\/\/durabilitas.ch\/fr\/wp-json\/wp\/v2\/posts\/5445\/revisions"}],"predecessor-version":[{"id":5530,"href":"https:\/\/durabilitas.ch\/fr\/wp-json\/wp\/v2\/posts\/5445\/revisions\/5530"}],"wp:featuredmedia":[{"embeddable":true,"href":"https:\/\/durabilitas.ch\/fr\/wp-json\/wp\/v2\/media\/5430"}],"wp:attachment":[{"href":"https:\/\/durabilitas.ch\/fr\/wp-json\/wp\/v2\/media?parent=5445"}],"wp:term":[{"taxonomy":"category","embeddable":true,"href":"https:\/\/durabilitas.ch\/fr\/wp-json\/wp\/v2\/categories?post=5445"},{"taxonomy":"post_tag","embeddable":true,"href":"https:\/\/durabilitas.ch\/fr\/wp-json\/wp\/v2\/tags?post=5445"}],"curies":[{"name":"wp","href":"https:\/\/api.w.org\/{rel}","templated":true}]}}