{"id":5323,"date":"2025-08-22T07:54:13","date_gmt":"2025-08-22T07:54:13","guid":{"rendered":"https:\/\/durabilitas.ch\/?p=5323"},"modified":"2025-09-22T15:34:51","modified_gmt":"2025-09-22T15:34:51","slug":"lancement-du-projet-villes-et-sols-vivants","status":"publish","type":"post","link":"https:\/\/durabilitas.ch\/fr\/themes\/sante-des-sols\/lancement-du-projet-villes-et-sols-vivants\/","title":{"rendered":"Lancement du projet : Villes et Sols vivants\u00a0"},"content":{"rendered":"\r\n<header id=\"header-block_e28a575e3ec05dfd84cd40df451833a7\" class=\"page-header has-no-image has-spacing--default\">\r\n\r\n    \r\n    <div class=\"page-header__content has-title-image--large\">\r\n\r\n        <div class=\"page-header__inner\">\r\n\r\n            <div class=\"page-header__category\">\r\n\r\n                <a href=\"https:\/\/durabilitas.ch\/fr\/category\/themes\/sante-des-sols\/\">Sant\u00e9 des sols<\/a>\r\n            <\/div>\r\n\r\n            <div class=\"page-header__title\">\n\n<h1 class=\"wp-block-heading\">Lancement du projet&nbsp;: Villes et Sols vivants&nbsp;<\/h1>\n\n\n\n<p class=\"page-header__text\">Le projet se concentre sur les&nbsp;petites villes et les&nbsp;agglom\u00e9rations disposant de peu de ressources. But du projet&nbsp;: aider ces communes \u00e0 prot\u00e9ger leurs pr\u00e9cieux sols. Le projet les aide \u00e9galement \u00e0 redonner vie aux sols en les d\u00e9simperm\u00e9abilisant.&nbsp;Nous sommes ravis de nous lancer dans cette nouvelle aventure en collaboration avec le R\u00e9seau ville \u00e9ponge.<\/p>\n\n<\/div>\r\n        <\/div>\r\n\r\n        \r\n                        <figure class=\"page-header__image\">\r\n                    <img loading=\"lazy\" decoding=\"async\" width=\"2127\" height=\"1409\" src=\"https:\/\/durabilitas.ch\/wp-content\/uploads\/2025\/08\/iStock-1157970665.jpg\" class=\"attachment-post-thumbnail size-post-thumbnail wp-post-image\" alt=\"\" srcset=\"https:\/\/durabilitas.ch\/wp-content\/uploads\/2025\/08\/iStock-1157970665.jpg 2127w, https:\/\/durabilitas.ch\/wp-content\/uploads\/2025\/08\/iStock-1157970665-300x199.jpg 300w, https:\/\/durabilitas.ch\/wp-content\/uploads\/2025\/08\/iStock-1157970665-1024x678.jpg 1024w, https:\/\/durabilitas.ch\/wp-content\/uploads\/2025\/08\/iStock-1157970665-768x509.jpg 768w, https:\/\/durabilitas.ch\/wp-content\/uploads\/2025\/08\/iStock-1157970665-1536x1018.jpg 1536w, https:\/\/durabilitas.ch\/wp-content\/uploads\/2025\/08\/iStock-1157970665-2048x1357.jpg 2048w, https:\/\/durabilitas.ch\/wp-content\/uploads\/2025\/08\/iStock-1157970665-1070x709.jpg 1070w, https:\/\/durabilitas.ch\/wp-content\/uploads\/2025\/08\/iStock-1157970665-470x311.jpg 470w, https:\/\/durabilitas.ch\/wp-content\/uploads\/2025\/08\/iStock-1157970665-1360x901.jpg 1360w\" sizes=\"auto, (max-width: 2127px) 100vw, 2127px\" \/>                <\/figure>\r\n        \r\n    <\/div><!-- .page-header__content -->\r\n\r\n            <a class=\"link-overview\" href=\"https:\/\/durabilitas.ch\/fr\/actualites\/\">\r\n            vue d&rsquo;ensemble        <\/a>\r\n    \r\n\r\n<\/header>\r\n\r\n\n\n\n<p class=\"wp-block-paragraph has-spacing--s\">C&rsquo;est surtout pendant les chaudes journ\u00e9es d&rsquo;\u00e9t\u00e9 que nous r\u00e9alisons \u00e0 quel point des sols en bonne sant\u00e9, non imperm\u00e9abilis\u00e9s, sont importants pour nos villes. Lorsque nous nous tenons \u00e0 l&rsquo;ombre d&rsquo;un arbre profond\u00e9ment enracin\u00e9 dans le sol, la chaleur est tout de suite plus supportable. L&rsquo;arbre agit en quelque sorte comme un climatiseur&nbsp;: il absorbe l&rsquo;eau stock\u00e9e dans le sol et refroidit son environnement par \u00e9vaporation.<\/p>\n\n\n\n<h3 class=\"wp-block-heading\"> Les super-pouvoirs des sols<\/h3>\n\n\n\n<p class=\"wp-block-paragraph\">Mais les sols urbains peuvent faire bien plus encore ! Gr\u00e2ce \u00e0 leur capacit\u00e9 \u00e0 absorber et \u00e0 stocker l&rsquo;eau, ils nous prot\u00e8gent des inondations. De plus, les sols urbains abritent une multitude d&rsquo;organismes, m\u00eame si nous en connaissons encore tr\u00e8s peu.<\/p>\n\n\n\n<p class=\"wp-block-paragraph\">Bien que les sols urbains remplissent des fonctions importantes, une superficie \u00e9quivalente \u00e0 sept terrains de football dispara\u00eet chaque jour sous l&rsquo;asphalte en Suisse. C&rsquo;est l\u00e0 qu&rsquo;intervient notre projet&nbsp;:&nbsp;<\/p>\n\n\n\n<ul class=\"wp-block-list\">\n<li>Nous sensibilisons les acteurs cl\u00e9s \u00e0 l&rsquo;importance des sols non imperm\u00e9abilis\u00e9s dans les zones urbaines.&nbsp;Cela comprend une analyse des acteurs, mais aussi un important travail de r\u00e9seautage, de sensibilisation et de mobilisation des institutions de formation initiale et continue.<\/li>\n\n\n\n<li>Le sol doit \u00eatre pens\u00e9 et planifi\u00e9 en trois dimensions, car ce n&rsquo;est qu&rsquo;avec une certaine profondeur qu&rsquo;il peut d\u00e9ployer pleinement ses (super) pouvoirs. Nous d\u00e9veloppons donc une base de donn\u00e9es des sols naturels et artificiels (substrats).&nbsp;Celle-ci permettra de trouver et de reconstituer un sol adapt\u00e9 apr\u00e8s l&rsquo;enl\u00e8vement de l&rsquo;asphalte.<\/li>\n<\/ul>\n\n\n\n<h3 class=\"wp-block-heading\">Un projet pour les petites villes et les agglom\u00e9rations<\/h3>\n\n\n\n<p class=\"wp-block-paragraph\">Le projet vise \u00e0 inspirer et \u00e0 motiver les acteurs de l&rsquo;urbanisme \u00e0 int\u00e9grer les sols dans leur r\u00e9flexion, en tenant compte des besoins des petites villes et des communes situ\u00e9es dans les agglom\u00e9rations.<\/p>\n\n\n\n<p class=\"wp-block-paragraph has-spacing--s\">Vous \u00eates une ville ou une commune et avez d\u00e9j\u00e0 des bons exemples \u00e0 nous partager&nbsp;? \u00c9crivez-les-nous&nbsp;par <a href=\"mailto:info@durabilitas.ch\" target=\"_blank\" rel=\"noreferrer noopener\">email<\/a> !<\/p>\n\n\n\r\n<div id=\"button-block_d11fd2629450ff44af0986b2fe5f56e0\" class=\"button-block has-spacing--default has-text-align-center\">\r\n    <a class=\"btn--background\" href=\"https:\/\/durabilitas.ch\/fr\/projets\/villes-et-sols-vivants\/\" target=\"_blank\">\r\n        Vers le projet    <\/a>\r\n<\/div>\r\n\r\n","protected":false},"excerpt":{"rendered":"<p>Le projet se concentre sur les petites villes et les agglom\u00e9rations disposant de peu de &#8230;<\/p>\n","protected":false},"author":3,"featured_media":5268,"comment_status":"closed","ping_status":"closed","sticky":false,"template":"","format":"standard","meta":{"_acf_changed":false,"footnotes":""},"categories":[76,70,73],"tags":[],"class_list":["post-5323","post","type-post","status-publish","format-standard","has-post-thumbnail","hentry","category-sante-des-sols","category-analyse-fr","category-transfert-de-connaissances"],"acf":[],"yoast_head":"<!-- This site is optimized with the Yoast SEO plugin v27.3 - https:\/\/yoast.com\/product\/yoast-seo-wordpress\/ -->\n<title>Lancement du projet : Villes et Sols vivants\u00a0 - Durabilitas<\/title>\n<meta name=\"description\" content=\"Notre projet se concentre sur les petites villes et les agglom\u00e9rations et les aide \u00e0 redonner vie aux sols en les d\u00e9simperm\u00e9abilisant.\" \/>\n<meta name=\"robots\" content=\"index, follow, max-snippet:-1, max-image-preview:large, max-video-preview:-1\" \/>\n<link rel=\"canonical\" href=\"https:\/\/durabilitas.ch\/fr\/themes\/sante-des-sols\/lancement-du-projet-villes-et-sols-vivants\/\" \/>\n<meta property=\"og:locale\" content=\"fr_FR\" \/>\n<meta property=\"og:type\" content=\"article\" \/>\n<meta property=\"og:title\" content=\"Lancement du projet : Villes et Sols vivants\u00a0 - Durabilitas\" \/>\n<meta property=\"og:description\" content=\"Notre projet se concentre sur les petites villes et les agglom\u00e9rations et les aide \u00e0 redonner vie aux sols en les d\u00e9simperm\u00e9abilisant.\" \/>\n<meta property=\"og:url\" content=\"https:\/\/durabilitas.ch\/fr\/themes\/sante-des-sols\/lancement-du-projet-villes-et-sols-vivants\/\" \/>\n<meta property=\"og:site_name\" content=\"Durabilitas\" \/>\n<meta property=\"article:published_time\" content=\"2025-08-22T07:54:13+00:00\" \/>\n<meta property=\"article:modified_time\" content=\"2025-09-22T15:34:51+00:00\" \/>\n<meta property=\"og:image\" content=\"https:\/\/durabilitas.ch\/wp-content\/uploads\/2025\/08\/iStock-1157970665-1024x678.jpg\" \/>\n\t<meta property=\"og:image:width\" content=\"1024\" \/>\n\t<meta property=\"og:image:height\" content=\"678\" \/>\n\t<meta property=\"og:image:type\" content=\"image\/jpeg\" \/>\n<meta name=\"author\" content=\"Heidi Schmidt\" \/>\n<meta name=\"twitter:card\" content=\"summary_large_image\" \/>\n<script type=\"application\/ld+json\" class=\"yoast-schema-graph\">{\"@context\":\"https:\\\/\\\/schema.org\",\"@graph\":[{\"@type\":\"Article\",\"@id\":\"https:\\\/\\\/durabilitas.ch\\\/fr\\\/themes\\\/sante-des-sols\\\/lancement-du-projet-villes-et-sols-vivants\\\/#article\",\"isPartOf\":{\"@id\":\"https:\\\/\\\/durabilitas.ch\\\/fr\\\/themes\\\/sante-des-sols\\\/lancement-du-projet-villes-et-sols-vivants\\\/\"},\"author\":{\"name\":\"Heidi Schmidt\",\"@id\":\"https:\\\/\\\/durabilitas.ch\\\/fr\\\/#\\\/schema\\\/person\\\/a59e0eb7e6593c7031b6d27dcfdbb67c\"},\"headline\":\"Lancement du projet : Villes et Sols vivants\u00a0\",\"datePublished\":\"2025-08-22T07:54:13+00:00\",\"dateModified\":\"2025-09-22T15:34:51+00:00\",\"mainEntityOfPage\":{\"@id\":\"https:\\\/\\\/durabilitas.ch\\\/fr\\\/themes\\\/sante-des-sols\\\/lancement-du-projet-villes-et-sols-vivants\\\/\"},\"wordCount\":415,\"image\":{\"@id\":\"https:\\\/\\\/durabilitas.ch\\\/fr\\\/themes\\\/sante-des-sols\\\/lancement-du-projet-villes-et-sols-vivants\\\/#primaryimage\"},\"thumbnailUrl\":\"https:\\\/\\\/durabilitas.ch\\\/wp-content\\\/uploads\\\/2025\\\/08\\\/iStock-1157970665.jpg\",\"articleSection\":[\"Sant\u00e9 des sols\",\"Analyse\",\"Transfert de connaissances\"],\"inLanguage\":\"fr-FR\"},{\"@type\":\"WebPage\",\"@id\":\"https:\\\/\\\/durabilitas.ch\\\/fr\\\/themes\\\/sante-des-sols\\\/lancement-du-projet-villes-et-sols-vivants\\\/\",\"url\":\"https:\\\/\\\/durabilitas.ch\\\/fr\\\/themes\\\/sante-des-sols\\\/lancement-du-projet-villes-et-sols-vivants\\\/\",\"name\":\"Lancement du projet : Villes et Sols vivants\u00a0 - Durabilitas\",\"isPartOf\":{\"@id\":\"https:\\\/\\\/durabilitas.ch\\\/fr\\\/#website\"},\"primaryImageOfPage\":{\"@id\":\"https:\\\/\\\/durabilitas.ch\\\/fr\\\/themes\\\/sante-des-sols\\\/lancement-du-projet-villes-et-sols-vivants\\\/#primaryimage\"},\"image\":{\"@id\":\"https:\\\/\\\/durabilitas.ch\\\/fr\\\/themes\\\/sante-des-sols\\\/lancement-du-projet-villes-et-sols-vivants\\\/#primaryimage\"},\"thumbnailUrl\":\"https:\\\/\\\/durabilitas.ch\\\/wp-content\\\/uploads\\\/2025\\\/08\\\/iStock-1157970665.jpg\",\"datePublished\":\"2025-08-22T07:54:13+00:00\",\"dateModified\":\"2025-09-22T15:34:51+00:00\",\"author\":{\"@id\":\"https:\\\/\\\/durabilitas.ch\\\/fr\\\/#\\\/schema\\\/person\\\/a59e0eb7e6593c7031b6d27dcfdbb67c\"},\"description\":\"Notre projet se concentre sur les petites villes et les agglom\u00e9rations et les aide \u00e0 redonner vie aux sols en les d\u00e9simperm\u00e9abilisant.\",\"breadcrumb\":{\"@id\":\"https:\\\/\\\/durabilitas.ch\\\/fr\\\/themes\\\/sante-des-sols\\\/lancement-du-projet-villes-et-sols-vivants\\\/#breadcrumb\"},\"inLanguage\":\"fr-FR\",\"potentialAction\":[{\"@type\":\"ReadAction\",\"target\":[\"https:\\\/\\\/durabilitas.ch\\\/fr\\\/themes\\\/sante-des-sols\\\/lancement-du-projet-villes-et-sols-vivants\\\/\"]}]},{\"@type\":\"ImageObject\",\"inLanguage\":\"fr-FR\",\"@id\":\"https:\\\/\\\/durabilitas.ch\\\/fr\\\/themes\\\/sante-des-sols\\\/lancement-du-projet-villes-et-sols-vivants\\\/#primaryimage\",\"url\":\"https:\\\/\\\/durabilitas.ch\\\/wp-content\\\/uploads\\\/2025\\\/08\\\/iStock-1157970665.jpg\",\"contentUrl\":\"https:\\\/\\\/durabilitas.ch\\\/wp-content\\\/uploads\\\/2025\\\/08\\\/iStock-1157970665.jpg\",\"width\":2127,\"height\":1409},{\"@type\":\"BreadcrumbList\",\"@id\":\"https:\\\/\\\/durabilitas.ch\\\/fr\\\/themes\\\/sante-des-sols\\\/lancement-du-projet-villes-et-sols-vivants\\\/#breadcrumb\",\"itemListElement\":[{\"@type\":\"ListItem\",\"position\":1,\"name\":\"Home\",\"item\":\"https:\\\/\\\/durabilitas.ch\\\/fr\\\/\"},{\"@type\":\"ListItem\",\"position\":2,\"name\":\"Lancement du projet : Villes et Sols vivants\u00a0\"}]},{\"@type\":\"WebSite\",\"@id\":\"https:\\\/\\\/durabilitas.ch\\\/fr\\\/#website\",\"url\":\"https:\\\/\\\/durabilitas.ch\\\/fr\\\/\",\"name\":\"Durabilitas\",\"description\":\"\",\"potentialAction\":[{\"@type\":\"SearchAction\",\"target\":{\"@type\":\"EntryPoint\",\"urlTemplate\":\"https:\\\/\\\/durabilitas.ch\\\/fr\\\/?s={search_term_string}\"},\"query-input\":{\"@type\":\"PropertyValueSpecification\",\"valueRequired\":true,\"valueName\":\"search_term_string\"}}],\"inLanguage\":\"fr-FR\"},{\"@type\":\"Person\",\"@id\":\"https:\\\/\\\/durabilitas.ch\\\/fr\\\/#\\\/schema\\\/person\\\/a59e0eb7e6593c7031b6d27dcfdbb67c\",\"name\":\"Heidi Schmidt\",\"image\":{\"@type\":\"ImageObject\",\"inLanguage\":\"fr-FR\",\"@id\":\"https:\\\/\\\/secure.gravatar.com\\\/avatar\\\/4f5dd5e1a10fe8bc6a4fb0c7e6fc6374a43b828756778dd8df4915466e3f1b7e?s=96&d=mm&r=g\",\"url\":\"https:\\\/\\\/secure.gravatar.com\\\/avatar\\\/4f5dd5e1a10fe8bc6a4fb0c7e6fc6374a43b828756778dd8df4915466e3f1b7e?s=96&d=mm&r=g\",\"contentUrl\":\"https:\\\/\\\/secure.gravatar.com\\\/avatar\\\/4f5dd5e1a10fe8bc6a4fb0c7e6fc6374a43b828756778dd8df4915466e3f1b7e?s=96&d=mm&r=g\",\"caption\":\"Heidi Schmidt\"},\"sameAs\":[\"https:\\\/\\\/www.sanudurabilitas.ch\\\/\"],\"url\":\"https:\\\/\\\/durabilitas.ch\\\/fr\\\/author\\\/heidi_schmidt\\\/\"}]}<\/script>\n<!-- \/ Yoast SEO plugin. -->","yoast_head_json":{"title":"Lancement du projet : Villes et Sols vivants\u00a0 - Durabilitas","description":"Notre projet se concentre sur les petites villes et les agglom\u00e9rations et les aide \u00e0 redonner vie aux sols en les d\u00e9simperm\u00e9abilisant.","robots":{"index":"index","follow":"follow","max-snippet":"max-snippet:-1","max-image-preview":"max-image-preview:large","max-video-preview":"max-video-preview:-1"},"canonical":"https:\/\/durabilitas.ch\/fr\/themes\/sante-des-sols\/lancement-du-projet-villes-et-sols-vivants\/","og_locale":"fr_FR","og_type":"article","og_title":"Lancement du projet : Villes et Sols vivants\u00a0 - Durabilitas","og_description":"Notre projet se concentre sur les petites villes et les agglom\u00e9rations et les aide \u00e0 redonner vie aux sols en les d\u00e9simperm\u00e9abilisant.","og_url":"https:\/\/durabilitas.ch\/fr\/themes\/sante-des-sols\/lancement-du-projet-villes-et-sols-vivants\/","og_site_name":"Durabilitas","article_published_time":"2025-08-22T07:54:13+00:00","article_modified_time":"2025-09-22T15:34:51+00:00","og_image":[{"width":1024,"height":678,"url":"https:\/\/durabilitas.ch\/wp-content\/uploads\/2025\/08\/iStock-1157970665-1024x678.jpg","type":"image\/jpeg"}],"author":"Heidi Schmidt","twitter_card":"summary_large_image","schema":{"@context":"https:\/\/schema.org","@graph":[{"@type":"Article","@id":"https:\/\/durabilitas.ch\/fr\/themes\/sante-des-sols\/lancement-du-projet-villes-et-sols-vivants\/#article","isPartOf":{"@id":"https:\/\/durabilitas.ch\/fr\/themes\/sante-des-sols\/lancement-du-projet-villes-et-sols-vivants\/"},"author":{"name":"Heidi Schmidt","@id":"https:\/\/durabilitas.ch\/fr\/#\/schema\/person\/a59e0eb7e6593c7031b6d27dcfdbb67c"},"headline":"Lancement du projet : Villes et Sols vivants\u00a0","datePublished":"2025-08-22T07:54:13+00:00","dateModified":"2025-09-22T15:34:51+00:00","mainEntityOfPage":{"@id":"https:\/\/durabilitas.ch\/fr\/themes\/sante-des-sols\/lancement-du-projet-villes-et-sols-vivants\/"},"wordCount":415,"image":{"@id":"https:\/\/durabilitas.ch\/fr\/themes\/sante-des-sols\/lancement-du-projet-villes-et-sols-vivants\/#primaryimage"},"thumbnailUrl":"https:\/\/durabilitas.ch\/wp-content\/uploads\/2025\/08\/iStock-1157970665.jpg","articleSection":["Sant\u00e9 des sols","Analyse","Transfert de connaissances"],"inLanguage":"fr-FR"},{"@type":"WebPage","@id":"https:\/\/durabilitas.ch\/fr\/themes\/sante-des-sols\/lancement-du-projet-villes-et-sols-vivants\/","url":"https:\/\/durabilitas.ch\/fr\/themes\/sante-des-sols\/lancement-du-projet-villes-et-sols-vivants\/","name":"Lancement du projet : Villes et Sols vivants\u00a0 - Durabilitas","isPartOf":{"@id":"https:\/\/durabilitas.ch\/fr\/#website"},"primaryImageOfPage":{"@id":"https:\/\/durabilitas.ch\/fr\/themes\/sante-des-sols\/lancement-du-projet-villes-et-sols-vivants\/#primaryimage"},"image":{"@id":"https:\/\/durabilitas.ch\/fr\/themes\/sante-des-sols\/lancement-du-projet-villes-et-sols-vivants\/#primaryimage"},"thumbnailUrl":"https:\/\/durabilitas.ch\/wp-content\/uploads\/2025\/08\/iStock-1157970665.jpg","datePublished":"2025-08-22T07:54:13+00:00","dateModified":"2025-09-22T15:34:51+00:00","author":{"@id":"https:\/\/durabilitas.ch\/fr\/#\/schema\/person\/a59e0eb7e6593c7031b6d27dcfdbb67c"},"description":"Notre projet se concentre sur les petites villes et les agglom\u00e9rations et les aide \u00e0 redonner vie aux sols en les d\u00e9simperm\u00e9abilisant.","breadcrumb":{"@id":"https:\/\/durabilitas.ch\/fr\/themes\/sante-des-sols\/lancement-du-projet-villes-et-sols-vivants\/#breadcrumb"},"inLanguage":"fr-FR","potentialAction":[{"@type":"ReadAction","target":["https:\/\/durabilitas.ch\/fr\/themes\/sante-des-sols\/lancement-du-projet-villes-et-sols-vivants\/"]}]},{"@type":"ImageObject","inLanguage":"fr-FR","@id":"https:\/\/durabilitas.ch\/fr\/themes\/sante-des-sols\/lancement-du-projet-villes-et-sols-vivants\/#primaryimage","url":"https:\/\/durabilitas.ch\/wp-content\/uploads\/2025\/08\/iStock-1157970665.jpg","contentUrl":"https:\/\/durabilitas.ch\/wp-content\/uploads\/2025\/08\/iStock-1157970665.jpg","width":2127,"height":1409},{"@type":"BreadcrumbList","@id":"https:\/\/durabilitas.ch\/fr\/themes\/sante-des-sols\/lancement-du-projet-villes-et-sols-vivants\/#breadcrumb","itemListElement":[{"@type":"ListItem","position":1,"name":"Home","item":"https:\/\/durabilitas.ch\/fr\/"},{"@type":"ListItem","position":2,"name":"Lancement du projet : Villes et Sols vivants\u00a0"}]},{"@type":"WebSite","@id":"https:\/\/durabilitas.ch\/fr\/#website","url":"https:\/\/durabilitas.ch\/fr\/","name":"Durabilitas","description":"","potentialAction":[{"@type":"SearchAction","target":{"@type":"EntryPoint","urlTemplate":"https:\/\/durabilitas.ch\/fr\/?s={search_term_string}"},"query-input":{"@type":"PropertyValueSpecification","valueRequired":true,"valueName":"search_term_string"}}],"inLanguage":"fr-FR"},{"@type":"Person","@id":"https:\/\/durabilitas.ch\/fr\/#\/schema\/person\/a59e0eb7e6593c7031b6d27dcfdbb67c","name":"Heidi Schmidt","image":{"@type":"ImageObject","inLanguage":"fr-FR","@id":"https:\/\/secure.gravatar.com\/avatar\/4f5dd5e1a10fe8bc6a4fb0c7e6fc6374a43b828756778dd8df4915466e3f1b7e?s=96&d=mm&r=g","url":"https:\/\/secure.gravatar.com\/avatar\/4f5dd5e1a10fe8bc6a4fb0c7e6fc6374a43b828756778dd8df4915466e3f1b7e?s=96&d=mm&r=g","contentUrl":"https:\/\/secure.gravatar.com\/avatar\/4f5dd5e1a10fe8bc6a4fb0c7e6fc6374a43b828756778dd8df4915466e3f1b7e?s=96&d=mm&r=g","caption":"Heidi Schmidt"},"sameAs":["https:\/\/www.sanudurabilitas.ch\/"],"url":"https:\/\/durabilitas.ch\/fr\/author\/heidi_schmidt\/"}]}},"_links":{"self":[{"href":"https:\/\/durabilitas.ch\/fr\/wp-json\/wp\/v2\/posts\/5323","targetHints":{"allow":["GET"]}}],"collection":[{"href":"https:\/\/durabilitas.ch\/fr\/wp-json\/wp\/v2\/posts"}],"about":[{"href":"https:\/\/durabilitas.ch\/fr\/wp-json\/wp\/v2\/types\/post"}],"author":[{"embeddable":true,"href":"https:\/\/durabilitas.ch\/fr\/wp-json\/wp\/v2\/users\/3"}],"replies":[{"embeddable":true,"href":"https:\/\/durabilitas.ch\/fr\/wp-json\/wp\/v2\/comments?post=5323"}],"version-history":[{"count":3,"href":"https:\/\/durabilitas.ch\/fr\/wp-json\/wp\/v2\/posts\/5323\/revisions"}],"predecessor-version":[{"id":5637,"href":"https:\/\/durabilitas.ch\/fr\/wp-json\/wp\/v2\/posts\/5323\/revisions\/5637"}],"wp:featuredmedia":[{"embeddable":true,"href":"https:\/\/durabilitas.ch\/fr\/wp-json\/wp\/v2\/media\/5268"}],"wp:attachment":[{"href":"https:\/\/durabilitas.ch\/fr\/wp-json\/wp\/v2\/media?parent=5323"}],"wp:term":[{"taxonomy":"category","embeddable":true,"href":"https:\/\/durabilitas.ch\/fr\/wp-json\/wp\/v2\/categories?post=5323"},{"taxonomy":"post_tag","embeddable":true,"href":"https:\/\/durabilitas.ch\/fr\/wp-json\/wp\/v2\/tags?post=5323"}],"curies":[{"name":"wp","href":"https:\/\/api.w.org\/{rel}","templated":true}]}}