{"id":4493,"date":"2025-05-09T07:37:51","date_gmt":"2025-05-09T07:37:51","guid":{"rendered":"https:\/\/durabilitas.ch\/?p=4493"},"modified":"2025-09-08T06:00:50","modified_gmt":"2025-09-08T06:00:50","slug":"nouvelles-recommandations-plus-de-qualite-de-vie-et-dadaptation-au-changement-de-climat","status":"publish","type":"post","link":"https:\/\/durabilitas.ch\/fr\/themes\/sante-des-sols\/nouvelles-recommandations-plus-de-qualite-de-vie-et-dadaptation-au-changement-de-climat\/","title":{"rendered":"Nouvelles recommandations \u2013 plus de qualit\u00e9 de vie et d\u2019adaptation au changement de climat"},"content":{"rendered":"\r\n<header id=\"header-block_098e096dafc7b769b3f0c7f7db628434\" class=\"page-header has-no-image has-spacing--default\">\r\n\r\n    \r\n    <div class=\"page-header__content has-title-image--large\">\r\n\r\n        <div class=\"page-header__inner\">\r\n\r\n            <div class=\"page-header__category\">\r\n\r\n                <a href=\"https:\/\/durabilitas.ch\/fr\/category\/themes\/sante-des-sols\/\">Sant\u00e9 des sols<\/a>\r\n            <\/div>\r\n\r\n            <div class=\"page-header__title\">\n\n<h1 class=\"wp-block-heading\">Nouvelles recommandations \u2013 plus de qualit\u00e9 de vie et d\u2019adaptation au changement de climat<\/h1>\n\n\n\n<p class=\"page-header__text\">Dans le cadre de notre projet, nous avons \u00e9labor\u00e9 des recommandations pour mieux prendre en compte les sols dans l\u2019am\u00e9nagement du territoire en Suisse. Des sols de qualit\u00e9 sont des alli\u00e9s essentiels dans la lutte contre la chaleur, les inondations, le changement climatique, et pour une meilleure qualit\u00e9 de vie.<\/p>\n\n<\/div>\r\n        <\/div>\r\n\r\n        \r\n                        <figure class=\"page-header__image\">\r\n                    <img loading=\"lazy\" decoding=\"async\" width=\"2560\" height=\"1707\" src=\"https:\/\/durabilitas.ch\/wp-content\/uploads\/2025\/05\/Bild_PB_BodenQI-LinkedIn-Foto-scaled.jpg\" class=\"attachment-post-thumbnail size-post-thumbnail wp-post-image\" alt=\"\" srcset=\"https:\/\/durabilitas.ch\/wp-content\/uploads\/2025\/05\/Bild_PB_BodenQI-LinkedIn-Foto-scaled.jpg 2560w, https:\/\/durabilitas.ch\/wp-content\/uploads\/2025\/05\/Bild_PB_BodenQI-LinkedIn-Foto-300x200.jpg 300w, https:\/\/durabilitas.ch\/wp-content\/uploads\/2025\/05\/Bild_PB_BodenQI-LinkedIn-Foto-1024x683.jpg 1024w, https:\/\/durabilitas.ch\/wp-content\/uploads\/2025\/05\/Bild_PB_BodenQI-LinkedIn-Foto-768x512.jpg 768w, https:\/\/durabilitas.ch\/wp-content\/uploads\/2025\/05\/Bild_PB_BodenQI-LinkedIn-Foto-1536x1024.jpg 1536w, https:\/\/durabilitas.ch\/wp-content\/uploads\/2025\/05\/Bild_PB_BodenQI-LinkedIn-Foto-2048x1365.jpg 2048w, https:\/\/durabilitas.ch\/wp-content\/uploads\/2025\/05\/Bild_PB_BodenQI-LinkedIn-Foto-1070x713.jpg 1070w, https:\/\/durabilitas.ch\/wp-content\/uploads\/2025\/05\/Bild_PB_BodenQI-LinkedIn-Foto-470x313.jpg 470w, https:\/\/durabilitas.ch\/wp-content\/uploads\/2025\/05\/Bild_PB_BodenQI-LinkedIn-Foto-1360x907.jpg 1360w\" sizes=\"auto, (max-width: 2560px) 100vw, 2560px\" \/>                <\/figure>\r\n        \r\n    <\/div><!-- .page-header__content -->\r\n\r\n            <a class=\"link-overview\" href=\"https:\/\/durabilitas.ch\/fr\/actualites\/\">\r\n            vue d&rsquo;ensemble        <\/a>\r\n    \r\n\r\n<\/header>\r\n\r\n\n\n\n<p class=\"wp-block-paragraph\">Ces recommandations sont le r\u00e9sultat de plusieurs ann\u00e9es de travail sur l\u2019Indice de qualit\u00e9 des sols (IQSols), un instrument qui aide l\u2019am\u00e9nagement du territoire \u00e0 mieux prendre en compte les sols en bonne sant\u00e9. Elles proposent des mesures cibl\u00e9es qui s\u2019adressent aux d\u00e9cideurs et d\u00e9cideuses politiques ainsi qu\u2019aux autorit\u00e9s des trois niveaux de planification.<\/p>\n\n\n\n<h3 class=\"wp-block-heading\">Le r\u00e9sultat d&rsquo;une collaboration interdisciplinaire<\/h3>\n\n\n\n<p class=\"wp-block-paragraph\">Les recommandations s\u2019appuient sur&nbsp;<a href=\"https:\/\/qualite-sols.ch\/publications\/\" target=\"_blank\" rel=\"noreferrer noopener\">des pays comme l\u2019Allemagne, l\u2019Autriche ou la Belgique<\/a>&nbsp;qui testent ou utilisent d\u00e9j\u00e0 l\u2019IQSols. Elles se basent \u00e9galement sur&nbsp;<a href=\"https:\/\/qualite-sols.ch\/projets-pilotes\/\" target=\"_blank\" rel=\"noreferrer noopener\">des d\u00e9marches men\u00e9es en Suisse<\/a>&nbsp;(Vaud, Fribourg, etc.), o\u00f9 l\u2019IQSols est test\u00e9 dans le cadre de nos projets pilotes. Pour r\u00e9diger ses recommandations, Durabilitas s\u2019est entour\u00e9 d\u2019un panel interdisciplinaire d\u2019expert-es r\u00e9unis dans&nbsp;<a href=\"https:\/\/qualite-sols.ch\/groupe-daccompagnement-national\/\" target=\"_blank\" rel=\"noreferrer noopener\">un groupe d\u2019accompagnement national<\/a>.<\/p>\n\n\n\n<p class=\"wp-block-paragraph\">Lutter contre les \u00eelots de chaleur, les inondations ou encore produire notre nourriture, autant de services que nous rendent les sols. Pourtant, les sols suisses sont sous pression. L\u2019am\u00e9nagement du territoire actuel \u00e9choue \u00e0 prot\u00e9ger leur qualit\u00e9, et donc leurs services. L\u2019IQSols veut y rem\u00e9dier en repr\u00e9sentant demani\u00e8re simple la qualit\u00e9 des sols.<\/p>\n\n\n\n<h3 class=\"wp-block-heading\">IQSols \u2013 un instrument pr\u00e9cieux<br><br><\/h3>\n\n\n\n<p class=\"wp-block-paragraph\">Cet instrument a pour but d\u2019\u00e9valuer la qualit\u00e9 des sols et de la repr\u00e9senter sous forme de carte. Il repose sur l\u2019analyse de la capacit\u00e9 d\u2019un sol \u00e0 remplir ses fonctions \u00e9cologiques : production alimentaire, r\u00e9gulation du cycle de l\u2019eau, habitat pour la biodiversit\u00e9, etc. L\u2019IQSols constitue une aide pr\u00e9cieuse \u00e0 la planification, en facilitant l\u2019orientation des constructions vers les sols de moindre qualit\u00e9 et la pr\u00e9servation des sols les plus performants. Il est ainsi un instrument pr\u00e9cieux pour r\u00e9aliser les objectifs de la Strat\u00e9gie Sol Suisse.<\/p>\n\n\n\r\n<div id=\"button-block_4be1ec4b1d35e1349aa691bf20d1ce32\" class=\"button-block has-spacing--default has-text-align-center\">\r\n    <a class=\"btn--background\" href=\"https:\/\/qualite-sols.ch\/recommandations\/\" target=\"_blank\">\r\n        Vers les recommandations    <\/a>\r\n<\/div>\r\n\r\n","protected":false},"excerpt":{"rendered":"<p>Dans le cadre de notre projet, nous avons \u00e9labor\u00e9 des recommandations pour mieux prendre en &#8230;<\/p>\n","protected":false},"author":3,"featured_media":4486,"comment_status":"closed","ping_status":"closed","sticky":false,"template":"","format":"standard","meta":{"_acf_changed":false,"footnotes":""},"categories":[69,76,87],"tags":[],"class_list":["post-4493","post","type-post","status-publish","format-standard","has-post-thumbnail","hentry","category-plaidoyer","category-sante-des-sols","category-publications"],"acf":[],"yoast_head":"<!-- This site is optimized with the Yoast SEO plugin v27.3 - https:\/\/yoast.com\/product\/yoast-seo-wordpress\/ -->\n<title>Nouvelles recommandations \u2013 plus de qualit\u00e9 de vie et d\u2019adaptation au changement de climat - Durabilitas<\/title>\n<meta name=\"description\" content=\"Dans le cadre de notre projet, nous avons \u00e9labor\u00e9 des recommandations pour mieux prendre en compte les sols en Suisse.\" \/>\n<meta name=\"robots\" content=\"index, follow, max-snippet:-1, max-image-preview:large, max-video-preview:-1\" \/>\n<link rel=\"canonical\" href=\"https:\/\/durabilitas.ch\/fr\/themes\/sante-des-sols\/nouvelles-recommandations-plus-de-qualite-de-vie-et-dadaptation-au-changement-de-climat\/\" \/>\n<meta property=\"og:locale\" content=\"fr_FR\" \/>\n<meta property=\"og:type\" content=\"article\" \/>\n<meta property=\"og:title\" content=\"Nouvelles recommandations \u2013 plus de qualit\u00e9 de vie et d\u2019adaptation au changement de climat - Durabilitas\" \/>\n<meta property=\"og:description\" content=\"Dans le cadre de notre projet, nous avons \u00e9labor\u00e9 des recommandations pour mieux prendre en compte les sols en Suisse.\" \/>\n<meta property=\"og:url\" content=\"https:\/\/durabilitas.ch\/fr\/themes\/sante-des-sols\/nouvelles-recommandations-plus-de-qualite-de-vie-et-dadaptation-au-changement-de-climat\/\" \/>\n<meta property=\"og:site_name\" content=\"Durabilitas\" \/>\n<meta property=\"article:published_time\" content=\"2025-05-09T07:37:51+00:00\" \/>\n<meta property=\"article:modified_time\" content=\"2025-09-08T06:00:50+00:00\" \/>\n<meta property=\"og:image\" content=\"https:\/\/durabilitas.ch\/wp-content\/uploads\/2025\/05\/Bild_PB_BodenQI-LinkedIn-Foto-scaled.jpg\" \/>\n\t<meta property=\"og:image:width\" content=\"2560\" \/>\n\t<meta property=\"og:image:height\" content=\"1707\" \/>\n\t<meta property=\"og:image:type\" content=\"image\/jpeg\" \/>\n<meta name=\"author\" content=\"Heidi Schmidt\" \/>\n<meta name=\"twitter:card\" content=\"summary_large_image\" \/>\n<script type=\"application\/ld+json\" class=\"yoast-schema-graph\">{\"@context\":\"https:\\\/\\\/schema.org\",\"@graph\":[{\"@type\":\"Article\",\"@id\":\"https:\\\/\\\/durabilitas.ch\\\/fr\\\/themes\\\/sante-des-sols\\\/nouvelles-recommandations-plus-de-qualite-de-vie-et-dadaptation-au-changement-de-climat\\\/#article\",\"isPartOf\":{\"@id\":\"https:\\\/\\\/durabilitas.ch\\\/fr\\\/themes\\\/sante-des-sols\\\/nouvelles-recommandations-plus-de-qualite-de-vie-et-dadaptation-au-changement-de-climat\\\/\"},\"author\":{\"name\":\"Heidi Schmidt\",\"@id\":\"https:\\\/\\\/durabilitas.ch\\\/fr\\\/#\\\/schema\\\/person\\\/a59e0eb7e6593c7031b6d27dcfdbb67c\"},\"headline\":\"Nouvelles recommandations \u2013 plus de qualit\u00e9 de vie et d\u2019adaptation au changement de climat\",\"datePublished\":\"2025-05-09T07:37:51+00:00\",\"dateModified\":\"2025-09-08T06:00:50+00:00\",\"mainEntityOfPage\":{\"@id\":\"https:\\\/\\\/durabilitas.ch\\\/fr\\\/themes\\\/sante-des-sols\\\/nouvelles-recommandations-plus-de-qualite-de-vie-et-dadaptation-au-changement-de-climat\\\/\"},\"wordCount\":391,\"image\":{\"@id\":\"https:\\\/\\\/durabilitas.ch\\\/fr\\\/themes\\\/sante-des-sols\\\/nouvelles-recommandations-plus-de-qualite-de-vie-et-dadaptation-au-changement-de-climat\\\/#primaryimage\"},\"thumbnailUrl\":\"https:\\\/\\\/durabilitas.ch\\\/wp-content\\\/uploads\\\/2025\\\/05\\\/Bild_PB_BodenQI-LinkedIn-Foto-scaled.jpg\",\"articleSection\":[\"Plaidoyer\",\"Sant\u00e9 des sols\",\"M\u00e9dias &amp; Publications\"],\"inLanguage\":\"fr-FR\"},{\"@type\":\"WebPage\",\"@id\":\"https:\\\/\\\/durabilitas.ch\\\/fr\\\/themes\\\/sante-des-sols\\\/nouvelles-recommandations-plus-de-qualite-de-vie-et-dadaptation-au-changement-de-climat\\\/\",\"url\":\"https:\\\/\\\/durabilitas.ch\\\/fr\\\/themes\\\/sante-des-sols\\\/nouvelles-recommandations-plus-de-qualite-de-vie-et-dadaptation-au-changement-de-climat\\\/\",\"name\":\"Nouvelles recommandations \u2013 plus de qualit\u00e9 de vie et d\u2019adaptation au changement de climat - Durabilitas\",\"isPartOf\":{\"@id\":\"https:\\\/\\\/durabilitas.ch\\\/fr\\\/#website\"},\"primaryImageOfPage\":{\"@id\":\"https:\\\/\\\/durabilitas.ch\\\/fr\\\/themes\\\/sante-des-sols\\\/nouvelles-recommandations-plus-de-qualite-de-vie-et-dadaptation-au-changement-de-climat\\\/#primaryimage\"},\"image\":{\"@id\":\"https:\\\/\\\/durabilitas.ch\\\/fr\\\/themes\\\/sante-des-sols\\\/nouvelles-recommandations-plus-de-qualite-de-vie-et-dadaptation-au-changement-de-climat\\\/#primaryimage\"},\"thumbnailUrl\":\"https:\\\/\\\/durabilitas.ch\\\/wp-content\\\/uploads\\\/2025\\\/05\\\/Bild_PB_BodenQI-LinkedIn-Foto-scaled.jpg\",\"datePublished\":\"2025-05-09T07:37:51+00:00\",\"dateModified\":\"2025-09-08T06:00:50+00:00\",\"author\":{\"@id\":\"https:\\\/\\\/durabilitas.ch\\\/fr\\\/#\\\/schema\\\/person\\\/a59e0eb7e6593c7031b6d27dcfdbb67c\"},\"description\":\"Dans le cadre de notre projet, nous avons \u00e9labor\u00e9 des recommandations pour mieux prendre en compte les sols en Suisse.\",\"breadcrumb\":{\"@id\":\"https:\\\/\\\/durabilitas.ch\\\/fr\\\/themes\\\/sante-des-sols\\\/nouvelles-recommandations-plus-de-qualite-de-vie-et-dadaptation-au-changement-de-climat\\\/#breadcrumb\"},\"inLanguage\":\"fr-FR\",\"potentialAction\":[{\"@type\":\"ReadAction\",\"target\":[\"https:\\\/\\\/durabilitas.ch\\\/fr\\\/themes\\\/sante-des-sols\\\/nouvelles-recommandations-plus-de-qualite-de-vie-et-dadaptation-au-changement-de-climat\\\/\"]}]},{\"@type\":\"ImageObject\",\"inLanguage\":\"fr-FR\",\"@id\":\"https:\\\/\\\/durabilitas.ch\\\/fr\\\/themes\\\/sante-des-sols\\\/nouvelles-recommandations-plus-de-qualite-de-vie-et-dadaptation-au-changement-de-climat\\\/#primaryimage\",\"url\":\"https:\\\/\\\/durabilitas.ch\\\/wp-content\\\/uploads\\\/2025\\\/05\\\/Bild_PB_BodenQI-LinkedIn-Foto-scaled.jpg\",\"contentUrl\":\"https:\\\/\\\/durabilitas.ch\\\/wp-content\\\/uploads\\\/2025\\\/05\\\/Bild_PB_BodenQI-LinkedIn-Foto-scaled.jpg\",\"width\":2560,\"height\":1707},{\"@type\":\"BreadcrumbList\",\"@id\":\"https:\\\/\\\/durabilitas.ch\\\/fr\\\/themes\\\/sante-des-sols\\\/nouvelles-recommandations-plus-de-qualite-de-vie-et-dadaptation-au-changement-de-climat\\\/#breadcrumb\",\"itemListElement\":[{\"@type\":\"ListItem\",\"position\":1,\"name\":\"Home\",\"item\":\"https:\\\/\\\/durabilitas.ch\\\/fr\\\/\"},{\"@type\":\"ListItem\",\"position\":2,\"name\":\"Nouvelles recommandations \u2013 plus de qualit\u00e9 de vie et d\u2019adaptation au changement de climat\"}]},{\"@type\":\"WebSite\",\"@id\":\"https:\\\/\\\/durabilitas.ch\\\/fr\\\/#website\",\"url\":\"https:\\\/\\\/durabilitas.ch\\\/fr\\\/\",\"name\":\"Durabilitas\",\"description\":\"\",\"potentialAction\":[{\"@type\":\"SearchAction\",\"target\":{\"@type\":\"EntryPoint\",\"urlTemplate\":\"https:\\\/\\\/durabilitas.ch\\\/fr\\\/?s={search_term_string}\"},\"query-input\":{\"@type\":\"PropertyValueSpecification\",\"valueRequired\":true,\"valueName\":\"search_term_string\"}}],\"inLanguage\":\"fr-FR\"},{\"@type\":\"Person\",\"@id\":\"https:\\\/\\\/durabilitas.ch\\\/fr\\\/#\\\/schema\\\/person\\\/a59e0eb7e6593c7031b6d27dcfdbb67c\",\"name\":\"Heidi Schmidt\",\"image\":{\"@type\":\"ImageObject\",\"inLanguage\":\"fr-FR\",\"@id\":\"https:\\\/\\\/secure.gravatar.com\\\/avatar\\\/4f5dd5e1a10fe8bc6a4fb0c7e6fc6374a43b828756778dd8df4915466e3f1b7e?s=96&d=mm&r=g\",\"url\":\"https:\\\/\\\/secure.gravatar.com\\\/avatar\\\/4f5dd5e1a10fe8bc6a4fb0c7e6fc6374a43b828756778dd8df4915466e3f1b7e?s=96&d=mm&r=g\",\"contentUrl\":\"https:\\\/\\\/secure.gravatar.com\\\/avatar\\\/4f5dd5e1a10fe8bc6a4fb0c7e6fc6374a43b828756778dd8df4915466e3f1b7e?s=96&d=mm&r=g\",\"caption\":\"Heidi Schmidt\"},\"sameAs\":[\"https:\\\/\\\/www.sanudurabilitas.ch\\\/\"],\"url\":\"https:\\\/\\\/durabilitas.ch\\\/fr\\\/author\\\/heidi_schmidt\\\/\"}]}<\/script>\n<!-- \/ Yoast SEO plugin. -->","yoast_head_json":{"title":"Nouvelles recommandations \u2013 plus de qualit\u00e9 de vie et d\u2019adaptation au changement de climat - Durabilitas","description":"Dans le cadre de notre projet, nous avons \u00e9labor\u00e9 des recommandations pour mieux prendre en compte les sols en Suisse.","robots":{"index":"index","follow":"follow","max-snippet":"max-snippet:-1","max-image-preview":"max-image-preview:large","max-video-preview":"max-video-preview:-1"},"canonical":"https:\/\/durabilitas.ch\/fr\/themes\/sante-des-sols\/nouvelles-recommandations-plus-de-qualite-de-vie-et-dadaptation-au-changement-de-climat\/","og_locale":"fr_FR","og_type":"article","og_title":"Nouvelles recommandations \u2013 plus de qualit\u00e9 de vie et d\u2019adaptation au changement de climat - Durabilitas","og_description":"Dans le cadre de notre projet, nous avons \u00e9labor\u00e9 des recommandations pour mieux prendre en compte les sols en Suisse.","og_url":"https:\/\/durabilitas.ch\/fr\/themes\/sante-des-sols\/nouvelles-recommandations-plus-de-qualite-de-vie-et-dadaptation-au-changement-de-climat\/","og_site_name":"Durabilitas","article_published_time":"2025-05-09T07:37:51+00:00","article_modified_time":"2025-09-08T06:00:50+00:00","og_image":[{"width":2560,"height":1707,"url":"https:\/\/durabilitas.ch\/wp-content\/uploads\/2025\/05\/Bild_PB_BodenQI-LinkedIn-Foto-scaled.jpg","type":"image\/jpeg"}],"author":"Heidi Schmidt","twitter_card":"summary_large_image","schema":{"@context":"https:\/\/schema.org","@graph":[{"@type":"Article","@id":"https:\/\/durabilitas.ch\/fr\/themes\/sante-des-sols\/nouvelles-recommandations-plus-de-qualite-de-vie-et-dadaptation-au-changement-de-climat\/#article","isPartOf":{"@id":"https:\/\/durabilitas.ch\/fr\/themes\/sante-des-sols\/nouvelles-recommandations-plus-de-qualite-de-vie-et-dadaptation-au-changement-de-climat\/"},"author":{"name":"Heidi Schmidt","@id":"https:\/\/durabilitas.ch\/fr\/#\/schema\/person\/a59e0eb7e6593c7031b6d27dcfdbb67c"},"headline":"Nouvelles recommandations \u2013 plus de qualit\u00e9 de vie et d\u2019adaptation au changement de climat","datePublished":"2025-05-09T07:37:51+00:00","dateModified":"2025-09-08T06:00:50+00:00","mainEntityOfPage":{"@id":"https:\/\/durabilitas.ch\/fr\/themes\/sante-des-sols\/nouvelles-recommandations-plus-de-qualite-de-vie-et-dadaptation-au-changement-de-climat\/"},"wordCount":391,"image":{"@id":"https:\/\/durabilitas.ch\/fr\/themes\/sante-des-sols\/nouvelles-recommandations-plus-de-qualite-de-vie-et-dadaptation-au-changement-de-climat\/#primaryimage"},"thumbnailUrl":"https:\/\/durabilitas.ch\/wp-content\/uploads\/2025\/05\/Bild_PB_BodenQI-LinkedIn-Foto-scaled.jpg","articleSection":["Plaidoyer","Sant\u00e9 des sols","M\u00e9dias &amp; Publications"],"inLanguage":"fr-FR"},{"@type":"WebPage","@id":"https:\/\/durabilitas.ch\/fr\/themes\/sante-des-sols\/nouvelles-recommandations-plus-de-qualite-de-vie-et-dadaptation-au-changement-de-climat\/","url":"https:\/\/durabilitas.ch\/fr\/themes\/sante-des-sols\/nouvelles-recommandations-plus-de-qualite-de-vie-et-dadaptation-au-changement-de-climat\/","name":"Nouvelles recommandations \u2013 plus de qualit\u00e9 de vie et d\u2019adaptation au changement de climat - Durabilitas","isPartOf":{"@id":"https:\/\/durabilitas.ch\/fr\/#website"},"primaryImageOfPage":{"@id":"https:\/\/durabilitas.ch\/fr\/themes\/sante-des-sols\/nouvelles-recommandations-plus-de-qualite-de-vie-et-dadaptation-au-changement-de-climat\/#primaryimage"},"image":{"@id":"https:\/\/durabilitas.ch\/fr\/themes\/sante-des-sols\/nouvelles-recommandations-plus-de-qualite-de-vie-et-dadaptation-au-changement-de-climat\/#primaryimage"},"thumbnailUrl":"https:\/\/durabilitas.ch\/wp-content\/uploads\/2025\/05\/Bild_PB_BodenQI-LinkedIn-Foto-scaled.jpg","datePublished":"2025-05-09T07:37:51+00:00","dateModified":"2025-09-08T06:00:50+00:00","author":{"@id":"https:\/\/durabilitas.ch\/fr\/#\/schema\/person\/a59e0eb7e6593c7031b6d27dcfdbb67c"},"description":"Dans le cadre de notre projet, nous avons \u00e9labor\u00e9 des recommandations pour mieux prendre en compte les sols en Suisse.","breadcrumb":{"@id":"https:\/\/durabilitas.ch\/fr\/themes\/sante-des-sols\/nouvelles-recommandations-plus-de-qualite-de-vie-et-dadaptation-au-changement-de-climat\/#breadcrumb"},"inLanguage":"fr-FR","potentialAction":[{"@type":"ReadAction","target":["https:\/\/durabilitas.ch\/fr\/themes\/sante-des-sols\/nouvelles-recommandations-plus-de-qualite-de-vie-et-dadaptation-au-changement-de-climat\/"]}]},{"@type":"ImageObject","inLanguage":"fr-FR","@id":"https:\/\/durabilitas.ch\/fr\/themes\/sante-des-sols\/nouvelles-recommandations-plus-de-qualite-de-vie-et-dadaptation-au-changement-de-climat\/#primaryimage","url":"https:\/\/durabilitas.ch\/wp-content\/uploads\/2025\/05\/Bild_PB_BodenQI-LinkedIn-Foto-scaled.jpg","contentUrl":"https:\/\/durabilitas.ch\/wp-content\/uploads\/2025\/05\/Bild_PB_BodenQI-LinkedIn-Foto-scaled.jpg","width":2560,"height":1707},{"@type":"BreadcrumbList","@id":"https:\/\/durabilitas.ch\/fr\/themes\/sante-des-sols\/nouvelles-recommandations-plus-de-qualite-de-vie-et-dadaptation-au-changement-de-climat\/#breadcrumb","itemListElement":[{"@type":"ListItem","position":1,"name":"Home","item":"https:\/\/durabilitas.ch\/fr\/"},{"@type":"ListItem","position":2,"name":"Nouvelles recommandations \u2013 plus de qualit\u00e9 de vie et d\u2019adaptation au changement de climat"}]},{"@type":"WebSite","@id":"https:\/\/durabilitas.ch\/fr\/#website","url":"https:\/\/durabilitas.ch\/fr\/","name":"Durabilitas","description":"","potentialAction":[{"@type":"SearchAction","target":{"@type":"EntryPoint","urlTemplate":"https:\/\/durabilitas.ch\/fr\/?s={search_term_string}"},"query-input":{"@type":"PropertyValueSpecification","valueRequired":true,"valueName":"search_term_string"}}],"inLanguage":"fr-FR"},{"@type":"Person","@id":"https:\/\/durabilitas.ch\/fr\/#\/schema\/person\/a59e0eb7e6593c7031b6d27dcfdbb67c","name":"Heidi Schmidt","image":{"@type":"ImageObject","inLanguage":"fr-FR","@id":"https:\/\/secure.gravatar.com\/avatar\/4f5dd5e1a10fe8bc6a4fb0c7e6fc6374a43b828756778dd8df4915466e3f1b7e?s=96&d=mm&r=g","url":"https:\/\/secure.gravatar.com\/avatar\/4f5dd5e1a10fe8bc6a4fb0c7e6fc6374a43b828756778dd8df4915466e3f1b7e?s=96&d=mm&r=g","contentUrl":"https:\/\/secure.gravatar.com\/avatar\/4f5dd5e1a10fe8bc6a4fb0c7e6fc6374a43b828756778dd8df4915466e3f1b7e?s=96&d=mm&r=g","caption":"Heidi Schmidt"},"sameAs":["https:\/\/www.sanudurabilitas.ch\/"],"url":"https:\/\/durabilitas.ch\/fr\/author\/heidi_schmidt\/"}]}},"_links":{"self":[{"href":"https:\/\/durabilitas.ch\/fr\/wp-json\/wp\/v2\/posts\/4493","targetHints":{"allow":["GET"]}}],"collection":[{"href":"https:\/\/durabilitas.ch\/fr\/wp-json\/wp\/v2\/posts"}],"about":[{"href":"https:\/\/durabilitas.ch\/fr\/wp-json\/wp\/v2\/types\/post"}],"author":[{"embeddable":true,"href":"https:\/\/durabilitas.ch\/fr\/wp-json\/wp\/v2\/users\/3"}],"replies":[{"embeddable":true,"href":"https:\/\/durabilitas.ch\/fr\/wp-json\/wp\/v2\/comments?post=4493"}],"version-history":[{"count":4,"href":"https:\/\/durabilitas.ch\/fr\/wp-json\/wp\/v2\/posts\/4493\/revisions"}],"predecessor-version":[{"id":4499,"href":"https:\/\/durabilitas.ch\/fr\/wp-json\/wp\/v2\/posts\/4493\/revisions\/4499"}],"wp:featuredmedia":[{"embeddable":true,"href":"https:\/\/durabilitas.ch\/fr\/wp-json\/wp\/v2\/media\/4486"}],"wp:attachment":[{"href":"https:\/\/durabilitas.ch\/fr\/wp-json\/wp\/v2\/media?parent=4493"}],"wp:term":[{"taxonomy":"category","embeddable":true,"href":"https:\/\/durabilitas.ch\/fr\/wp-json\/wp\/v2\/categories?post=4493"},{"taxonomy":"post_tag","embeddable":true,"href":"https:\/\/durabilitas.ch\/fr\/wp-json\/wp\/v2\/tags?post=4493"}],"curies":[{"name":"wp","href":"https:\/\/api.w.org\/{rel}","templated":true}]}}