{"id":1348,"date":"2025-03-26T08:42:30","date_gmt":"2025-03-26T08:42:30","guid":{"rendered":"https:\/\/durabilitas.ch\/?p=1348"},"modified":"2025-05-28T08:12:20","modified_gmt":"2025-05-28T08:12:20","slug":"un-rapport-redige-pour-le-seco-cite-une-etude-de-durabilitas","status":"publish","type":"post","link":"https:\/\/durabilitas.ch\/fr\/publications\/un-rapport-redige-pour-le-seco-cite-une-etude-de-durabilitas\/","title":{"rendered":"Un rapport r\u00e9dig\u00e9 pour le SECO cite une \u00e9tude de Durabilitas"},"content":{"rendered":"\r\n<header id=\"header-block_53dd0ce7481758d5bb51c7ef106abfbc\" class=\"page-header has-no-image has-spacing--default\">\r\n\r\n    \r\n    <div class=\"page-header__content has-title-image--large\">\r\n\r\n        <div class=\"page-header__inner\">\r\n\r\n            <div class=\"page-header__category\">\r\n\r\n                <a href=\"https:\/\/durabilitas.ch\/fr\/category\/publications\/\">M\u00e9dias &amp; Publications<\/a>\r\n            <\/div>\r\n\r\n            <div class=\"page-header__title\">\n\n<h1 class=\"wp-block-heading\">Un rapport r\u00e9dig\u00e9 pour le SECO cite une \u00e9tude de Durabilitas<\/h1>\n\n\n\n<p class=\"page-header__text\">Renforcer les structures de gouvernances, offrir un soutien financier cibl\u00e9 et encourager les partenariats public-priv\u00e9 \u2013 voici les recommandations du rapport actuel \u00e9tablit pour le Secr\u00e9tariat d\u2019\u00c9tat \u00e0 l\u2019\u00e9conomie (SECO) : Circular Economy Policies in Europe \u2013 Assessing Regional Policy Integration.<\/p>\n\n<\/div>\r\n        <\/div>\r\n\r\n        \r\n                        <figure class=\"page-header__image\">\r\n                    <img loading=\"lazy\" decoding=\"async\" width=\"1080\" height=\"1080\" src=\"https:\/\/durabilitas.ch\/wp-content\/uploads\/2025\/03\/KLW-Studie-Bild_BAFU-Instagram-Post.png\" class=\"attachment-post-thumbnail size-post-thumbnail wp-post-image\" alt=\"\" srcset=\"https:\/\/durabilitas.ch\/wp-content\/uploads\/2025\/03\/KLW-Studie-Bild_BAFU-Instagram-Post.png 1080w, https:\/\/durabilitas.ch\/wp-content\/uploads\/2025\/03\/KLW-Studie-Bild_BAFU-Instagram-Post-300x300.png 300w, https:\/\/durabilitas.ch\/wp-content\/uploads\/2025\/03\/KLW-Studie-Bild_BAFU-Instagram-Post-1024x1024.png 1024w, https:\/\/durabilitas.ch\/wp-content\/uploads\/2025\/03\/KLW-Studie-Bild_BAFU-Instagram-Post-150x150.png 150w, https:\/\/durabilitas.ch\/wp-content\/uploads\/2025\/03\/KLW-Studie-Bild_BAFU-Instagram-Post-768x768.png 768w, https:\/\/durabilitas.ch\/wp-content\/uploads\/2025\/03\/KLW-Studie-Bild_BAFU-Instagram-Post-430x430.png 430w, https:\/\/durabilitas.ch\/wp-content\/uploads\/2025\/03\/KLW-Studie-Bild_BAFU-Instagram-Post-1070x1070.png 1070w, https:\/\/durabilitas.ch\/wp-content\/uploads\/2025\/03\/KLW-Studie-Bild_BAFU-Instagram-Post-470x470.png 470w\" sizes=\"auto, (max-width: 1080px) 100vw, 1080px\" \/>                <\/figure>\r\n        \r\n    <\/div><!-- .page-header__content -->\r\n\r\n            <a class=\"link-overview\" href=\"https:\/\/durabilitas.ch\/fr\/actualites\/\">\r\n            vue d&rsquo;ensemble        <\/a>\r\n    \r\n\r\n<\/header>\r\n\r\n\n\n\n<p class=\"wp-block-paragraph\">Le rapport cite \u00e0 plusieurs reprises notre \u00e9tude sur la diffusion des solutions d\u2019\u00e9conomie circulaire datant de 2024. Il souligne entre autres notre analyse sur l\u2019importance des infrastructures et de l\u2019am\u00e9nagement du territoire dans la transition vers une \u00e9conomie circulaire :<\/p>\n\n\n\n<h3 class=\"wp-block-heading\">\u00abThe SanuDurabilitas (2024) study on the Swiss context highlights the importance of infrastructure and spatial planning in enabling circular business models for SMEs. Recommendations include establishing temporary storage hubs for materials awaiting reuse, creating eco-yards to support remanufacturing and repair activities, and fostering reverse logistics systems. Collaboration between public and private sectors, such as municipal real estate management and logistics companies, can provide the necessary support for SMEs to scale circular practices effectively.\u00bb<\/h3>\n\n\n\n<p class=\"wp-block-paragraph\"><br>De plus, les auteures soulignent notre analyse concernant l&rsquo;importance de soutenir les PME et les start-ups dans leur transition vers une \u00e9conomie circulaire :<\/p>\n\n\n\n<h3 class=\"wp-block-heading\">\u00abBy providing financial incentives and technical assistance, Switzerland can address barriers that SMEs face in transitioning to CE practices as mentioned in SanuDurabilitas, 2024).\u00bb<\/h3>\n\n\n\n<p class=\"wp-block-paragraph\"><br><br>Le rapport provient du \u00abEuropean Policies Research Centre\u00bb et a \u00e9t\u00e9 r\u00e9dig\u00e9 par Liliana Fonseca und Rona Michie.<\/p>\n\n\n\r\n    <aside id=\"info-list-block_fc4c5e8c63aa204cd7c136c642d6d6cd\" class=\"info-list-block has-spacing--default\">\r\n\r\n     \r\n            <p class=\"info-list__headline\">\r\n                Les \u00e9tudes            <\/p>\r\n    \r\n        <div class=\"info-list\">\r\n\r\n            \r\n                <div class=\"info-list__item\">\r\n\r\n                     \r\n\r\n                            <a href=\"https:\/\/durabilitas.ch\/wp-content\/uploads\/2025\/03\/240315-Studie-Diffusion-KLW-sanu-durabilitas-final.pdf\" \r\n                            class=\"link-intern\" \r\n                            target=\"_blank\">\r\n                        \r\n                        \r\n\r\n\r\n                        <h5 class=\"info-list__item__title\">\r\n                            \u00abDiffusion von Kreislaufwirtschafts-L\u00f6sungen \u2013 Lernen von Pionier-KMUs in der Schweiz\u00bb 2024, durabilitas (bis 2024 sanu durabilitas)                        <\/h5>\r\n\r\n\r\n\r\n                                            <span class=\"info-list-icon\"><\/span>\r\n                        <\/a>\r\n                    \r\n\r\n                <\/div><!-- .info-list__item -->\r\n\r\n            \r\n                <div class=\"info-list__item\">\r\n\r\n                     \r\n\r\n                            <a href=\"https:\/\/eprc-strath.org\/publication\/circular-economy-policies-in-europe-assessing-regional-policy-integration\/\" \r\n                            class=\"link-extern\" \r\n                            target=\"_blank\">\r\n                        \r\n                        \r\n\r\n\r\n                        <h5 class=\"info-list__item__title\">\r\n                            \u00abCircular Economy Policies in Europe \u2013 Assessing Regional Policy Integration\u00bb 2025, European Policies Research Centre der University of Strathclyde                        <\/h5>\r\n\r\n\r\n\r\n                                            <span class=\"info-list-icon\"><\/span>\r\n                        <\/a>\r\n                    \r\n\r\n                <\/div><!-- .info-list__item -->\r\n\r\n                    \r\n\r\n        <\/div><!-- .info-list -->\r\n\r\n\r\n    <\/aside>\r\n\r\n","protected":false},"excerpt":{"rendered":"<p>Renforcer les structures de gouvernances, offrir un soutien financier cibl\u00e9 et encourager les partenariats public-priv\u00e9 &#8230;<\/p>\n","protected":false},"author":3,"featured_media":1050,"comment_status":"closed","ping_status":"closed","sticky":false,"template":"","format":"standard","meta":{"_acf_changed":false,"footnotes":""},"categories":[70,78,87],"tags":[],"class_list":["post-1348","post","type-post","status-publish","format-standard","has-post-thumbnail","hentry","category-analyse-fr","category-economie-circulaire","category-publications"],"acf":[],"yoast_head":"<!-- This site is optimized with the Yoast SEO plugin v27.3 - https:\/\/yoast.com\/product\/yoast-seo-wordpress\/ -->\n<title>Un rapport r\u00e9dig\u00e9 pour le SECO cite une \u00e9tude de Durabilitas - Durabilitas<\/title>\n<meta name=\"robots\" content=\"index, follow, max-snippet:-1, max-image-preview:large, max-video-preview:-1\" \/>\n<link rel=\"canonical\" href=\"https:\/\/durabilitas.ch\/fr\/publications\/un-rapport-redige-pour-le-seco-cite-une-etude-de-durabilitas\/\" \/>\n<meta property=\"og:locale\" content=\"fr_FR\" \/>\n<meta property=\"og:type\" content=\"article\" \/>\n<meta property=\"og:title\" content=\"Un rapport r\u00e9dig\u00e9 pour le SECO cite une \u00e9tude de Durabilitas - Durabilitas\" \/>\n<meta property=\"og:description\" content=\"Renforcer les structures de gouvernances, offrir un soutien financier cibl\u00e9 et encourager les partenariats public-priv\u00e9 ...\" \/>\n<meta property=\"og:url\" content=\"https:\/\/durabilitas.ch\/fr\/publications\/un-rapport-redige-pour-le-seco-cite-une-etude-de-durabilitas\/\" \/>\n<meta property=\"og:site_name\" content=\"Durabilitas\" \/>\n<meta property=\"article:published_time\" content=\"2025-03-26T08:42:30+00:00\" \/>\n<meta property=\"article:modified_time\" content=\"2025-05-28T08:12:20+00:00\" \/>\n<meta property=\"og:image\" content=\"https:\/\/durabilitas.ch\/wp-content\/uploads\/2025\/03\/KLW-Studie-Bild_BAFU-Instagram-Post.png\" \/>\n\t<meta property=\"og:image:width\" content=\"1080\" \/>\n\t<meta property=\"og:image:height\" content=\"1080\" \/>\n\t<meta property=\"og:image:type\" content=\"image\/png\" \/>\n<meta name=\"author\" content=\"Heidi Schmidt\" \/>\n<meta name=\"twitter:card\" content=\"summary_large_image\" \/>\n<script type=\"application\/ld+json\" class=\"yoast-schema-graph\">{\"@context\":\"https:\\\/\\\/schema.org\",\"@graph\":[{\"@type\":\"Article\",\"@id\":\"https:\\\/\\\/durabilitas.ch\\\/fr\\\/publications\\\/un-rapport-redige-pour-le-seco-cite-une-etude-de-durabilitas\\\/#article\",\"isPartOf\":{\"@id\":\"https:\\\/\\\/durabilitas.ch\\\/fr\\\/publications\\\/un-rapport-redige-pour-le-seco-cite-une-etude-de-durabilitas\\\/\"},\"author\":{\"name\":\"Heidi Schmidt\",\"@id\":\"https:\\\/\\\/durabilitas.ch\\\/fr\\\/#\\\/schema\\\/person\\\/a59e0eb7e6593c7031b6d27dcfdbb67c\"},\"headline\":\"Un rapport r\u00e9dig\u00e9 pour le SECO cite une \u00e9tude de Durabilitas\",\"datePublished\":\"2025-03-26T08:42:30+00:00\",\"dateModified\":\"2025-05-28T08:12:20+00:00\",\"mainEntityOfPage\":{\"@id\":\"https:\\\/\\\/durabilitas.ch\\\/fr\\\/publications\\\/un-rapport-redige-pour-le-seco-cite-une-etude-de-durabilitas\\\/\"},\"wordCount\":244,\"image\":{\"@id\":\"https:\\\/\\\/durabilitas.ch\\\/fr\\\/publications\\\/un-rapport-redige-pour-le-seco-cite-une-etude-de-durabilitas\\\/#primaryimage\"},\"thumbnailUrl\":\"https:\\\/\\\/durabilitas.ch\\\/wp-content\\\/uploads\\\/2025\\\/03\\\/KLW-Studie-Bild_BAFU-Instagram-Post.png\",\"articleSection\":[\"Analyse\",\"\u00c9conomie circulaire\",\"M\u00e9dias &amp; Publications\"],\"inLanguage\":\"fr-FR\"},{\"@type\":\"WebPage\",\"@id\":\"https:\\\/\\\/durabilitas.ch\\\/fr\\\/publications\\\/un-rapport-redige-pour-le-seco-cite-une-etude-de-durabilitas\\\/\",\"url\":\"https:\\\/\\\/durabilitas.ch\\\/fr\\\/publications\\\/un-rapport-redige-pour-le-seco-cite-une-etude-de-durabilitas\\\/\",\"name\":\"Un rapport r\u00e9dig\u00e9 pour le SECO cite une \u00e9tude de Durabilitas - Durabilitas\",\"isPartOf\":{\"@id\":\"https:\\\/\\\/durabilitas.ch\\\/fr\\\/#website\"},\"primaryImageOfPage\":{\"@id\":\"https:\\\/\\\/durabilitas.ch\\\/fr\\\/publications\\\/un-rapport-redige-pour-le-seco-cite-une-etude-de-durabilitas\\\/#primaryimage\"},\"image\":{\"@id\":\"https:\\\/\\\/durabilitas.ch\\\/fr\\\/publications\\\/un-rapport-redige-pour-le-seco-cite-une-etude-de-durabilitas\\\/#primaryimage\"},\"thumbnailUrl\":\"https:\\\/\\\/durabilitas.ch\\\/wp-content\\\/uploads\\\/2025\\\/03\\\/KLW-Studie-Bild_BAFU-Instagram-Post.png\",\"datePublished\":\"2025-03-26T08:42:30+00:00\",\"dateModified\":\"2025-05-28T08:12:20+00:00\",\"author\":{\"@id\":\"https:\\\/\\\/durabilitas.ch\\\/fr\\\/#\\\/schema\\\/person\\\/a59e0eb7e6593c7031b6d27dcfdbb67c\"},\"breadcrumb\":{\"@id\":\"https:\\\/\\\/durabilitas.ch\\\/fr\\\/publications\\\/un-rapport-redige-pour-le-seco-cite-une-etude-de-durabilitas\\\/#breadcrumb\"},\"inLanguage\":\"fr-FR\",\"potentialAction\":[{\"@type\":\"ReadAction\",\"target\":[\"https:\\\/\\\/durabilitas.ch\\\/fr\\\/publications\\\/un-rapport-redige-pour-le-seco-cite-une-etude-de-durabilitas\\\/\"]}]},{\"@type\":\"ImageObject\",\"inLanguage\":\"fr-FR\",\"@id\":\"https:\\\/\\\/durabilitas.ch\\\/fr\\\/publications\\\/un-rapport-redige-pour-le-seco-cite-une-etude-de-durabilitas\\\/#primaryimage\",\"url\":\"https:\\\/\\\/durabilitas.ch\\\/wp-content\\\/uploads\\\/2025\\\/03\\\/KLW-Studie-Bild_BAFU-Instagram-Post.png\",\"contentUrl\":\"https:\\\/\\\/durabilitas.ch\\\/wp-content\\\/uploads\\\/2025\\\/03\\\/KLW-Studie-Bild_BAFU-Instagram-Post.png\",\"width\":1080,\"height\":1080},{\"@type\":\"BreadcrumbList\",\"@id\":\"https:\\\/\\\/durabilitas.ch\\\/fr\\\/publications\\\/un-rapport-redige-pour-le-seco-cite-une-etude-de-durabilitas\\\/#breadcrumb\",\"itemListElement\":[{\"@type\":\"ListItem\",\"position\":1,\"name\":\"Home\",\"item\":\"https:\\\/\\\/durabilitas.ch\\\/fr\\\/\"},{\"@type\":\"ListItem\",\"position\":2,\"name\":\"Un rapport r\u00e9dig\u00e9 pour le SECO cite une \u00e9tude de Durabilitas\"}]},{\"@type\":\"WebSite\",\"@id\":\"https:\\\/\\\/durabilitas.ch\\\/fr\\\/#website\",\"url\":\"https:\\\/\\\/durabilitas.ch\\\/fr\\\/\",\"name\":\"Durabilitas\",\"description\":\"\",\"potentialAction\":[{\"@type\":\"SearchAction\",\"target\":{\"@type\":\"EntryPoint\",\"urlTemplate\":\"https:\\\/\\\/durabilitas.ch\\\/fr\\\/?s={search_term_string}\"},\"query-input\":{\"@type\":\"PropertyValueSpecification\",\"valueRequired\":true,\"valueName\":\"search_term_string\"}}],\"inLanguage\":\"fr-FR\"},{\"@type\":\"Person\",\"@id\":\"https:\\\/\\\/durabilitas.ch\\\/fr\\\/#\\\/schema\\\/person\\\/a59e0eb7e6593c7031b6d27dcfdbb67c\",\"name\":\"Heidi Schmidt\",\"image\":{\"@type\":\"ImageObject\",\"inLanguage\":\"fr-FR\",\"@id\":\"https:\\\/\\\/secure.gravatar.com\\\/avatar\\\/4f5dd5e1a10fe8bc6a4fb0c7e6fc6374a43b828756778dd8df4915466e3f1b7e?s=96&d=mm&r=g\",\"url\":\"https:\\\/\\\/secure.gravatar.com\\\/avatar\\\/4f5dd5e1a10fe8bc6a4fb0c7e6fc6374a43b828756778dd8df4915466e3f1b7e?s=96&d=mm&r=g\",\"contentUrl\":\"https:\\\/\\\/secure.gravatar.com\\\/avatar\\\/4f5dd5e1a10fe8bc6a4fb0c7e6fc6374a43b828756778dd8df4915466e3f1b7e?s=96&d=mm&r=g\",\"caption\":\"Heidi Schmidt\"},\"sameAs\":[\"https:\\\/\\\/www.sanudurabilitas.ch\\\/\"],\"url\":\"https:\\\/\\\/durabilitas.ch\\\/fr\\\/author\\\/heidi_schmidt\\\/\"}]}<\/script>\n<!-- \/ Yoast SEO plugin. -->","yoast_head_json":{"title":"Un rapport r\u00e9dig\u00e9 pour le SECO cite une \u00e9tude de Durabilitas - Durabilitas","robots":{"index":"index","follow":"follow","max-snippet":"max-snippet:-1","max-image-preview":"max-image-preview:large","max-video-preview":"max-video-preview:-1"},"canonical":"https:\/\/durabilitas.ch\/fr\/publications\/un-rapport-redige-pour-le-seco-cite-une-etude-de-durabilitas\/","og_locale":"fr_FR","og_type":"article","og_title":"Un rapport r\u00e9dig\u00e9 pour le SECO cite une \u00e9tude de Durabilitas - Durabilitas","og_description":"Renforcer les structures de gouvernances, offrir un soutien financier cibl\u00e9 et encourager les partenariats public-priv\u00e9 ...","og_url":"https:\/\/durabilitas.ch\/fr\/publications\/un-rapport-redige-pour-le-seco-cite-une-etude-de-durabilitas\/","og_site_name":"Durabilitas","article_published_time":"2025-03-26T08:42:30+00:00","article_modified_time":"2025-05-28T08:12:20+00:00","og_image":[{"width":1080,"height":1080,"url":"https:\/\/durabilitas.ch\/wp-content\/uploads\/2025\/03\/KLW-Studie-Bild_BAFU-Instagram-Post.png","type":"image\/png"}],"author":"Heidi Schmidt","twitter_card":"summary_large_image","schema":{"@context":"https:\/\/schema.org","@graph":[{"@type":"Article","@id":"https:\/\/durabilitas.ch\/fr\/publications\/un-rapport-redige-pour-le-seco-cite-une-etude-de-durabilitas\/#article","isPartOf":{"@id":"https:\/\/durabilitas.ch\/fr\/publications\/un-rapport-redige-pour-le-seco-cite-une-etude-de-durabilitas\/"},"author":{"name":"Heidi Schmidt","@id":"https:\/\/durabilitas.ch\/fr\/#\/schema\/person\/a59e0eb7e6593c7031b6d27dcfdbb67c"},"headline":"Un rapport r\u00e9dig\u00e9 pour le SECO cite une \u00e9tude de Durabilitas","datePublished":"2025-03-26T08:42:30+00:00","dateModified":"2025-05-28T08:12:20+00:00","mainEntityOfPage":{"@id":"https:\/\/durabilitas.ch\/fr\/publications\/un-rapport-redige-pour-le-seco-cite-une-etude-de-durabilitas\/"},"wordCount":244,"image":{"@id":"https:\/\/durabilitas.ch\/fr\/publications\/un-rapport-redige-pour-le-seco-cite-une-etude-de-durabilitas\/#primaryimage"},"thumbnailUrl":"https:\/\/durabilitas.ch\/wp-content\/uploads\/2025\/03\/KLW-Studie-Bild_BAFU-Instagram-Post.png","articleSection":["Analyse","\u00c9conomie circulaire","M\u00e9dias &amp; Publications"],"inLanguage":"fr-FR"},{"@type":"WebPage","@id":"https:\/\/durabilitas.ch\/fr\/publications\/un-rapport-redige-pour-le-seco-cite-une-etude-de-durabilitas\/","url":"https:\/\/durabilitas.ch\/fr\/publications\/un-rapport-redige-pour-le-seco-cite-une-etude-de-durabilitas\/","name":"Un rapport r\u00e9dig\u00e9 pour le SECO cite une \u00e9tude de Durabilitas - Durabilitas","isPartOf":{"@id":"https:\/\/durabilitas.ch\/fr\/#website"},"primaryImageOfPage":{"@id":"https:\/\/durabilitas.ch\/fr\/publications\/un-rapport-redige-pour-le-seco-cite-une-etude-de-durabilitas\/#primaryimage"},"image":{"@id":"https:\/\/durabilitas.ch\/fr\/publications\/un-rapport-redige-pour-le-seco-cite-une-etude-de-durabilitas\/#primaryimage"},"thumbnailUrl":"https:\/\/durabilitas.ch\/wp-content\/uploads\/2025\/03\/KLW-Studie-Bild_BAFU-Instagram-Post.png","datePublished":"2025-03-26T08:42:30+00:00","dateModified":"2025-05-28T08:12:20+00:00","author":{"@id":"https:\/\/durabilitas.ch\/fr\/#\/schema\/person\/a59e0eb7e6593c7031b6d27dcfdbb67c"},"breadcrumb":{"@id":"https:\/\/durabilitas.ch\/fr\/publications\/un-rapport-redige-pour-le-seco-cite-une-etude-de-durabilitas\/#breadcrumb"},"inLanguage":"fr-FR","potentialAction":[{"@type":"ReadAction","target":["https:\/\/durabilitas.ch\/fr\/publications\/un-rapport-redige-pour-le-seco-cite-une-etude-de-durabilitas\/"]}]},{"@type":"ImageObject","inLanguage":"fr-FR","@id":"https:\/\/durabilitas.ch\/fr\/publications\/un-rapport-redige-pour-le-seco-cite-une-etude-de-durabilitas\/#primaryimage","url":"https:\/\/durabilitas.ch\/wp-content\/uploads\/2025\/03\/KLW-Studie-Bild_BAFU-Instagram-Post.png","contentUrl":"https:\/\/durabilitas.ch\/wp-content\/uploads\/2025\/03\/KLW-Studie-Bild_BAFU-Instagram-Post.png","width":1080,"height":1080},{"@type":"BreadcrumbList","@id":"https:\/\/durabilitas.ch\/fr\/publications\/un-rapport-redige-pour-le-seco-cite-une-etude-de-durabilitas\/#breadcrumb","itemListElement":[{"@type":"ListItem","position":1,"name":"Home","item":"https:\/\/durabilitas.ch\/fr\/"},{"@type":"ListItem","position":2,"name":"Un rapport r\u00e9dig\u00e9 pour le SECO cite une \u00e9tude de Durabilitas"}]},{"@type":"WebSite","@id":"https:\/\/durabilitas.ch\/fr\/#website","url":"https:\/\/durabilitas.ch\/fr\/","name":"Durabilitas","description":"","potentialAction":[{"@type":"SearchAction","target":{"@type":"EntryPoint","urlTemplate":"https:\/\/durabilitas.ch\/fr\/?s={search_term_string}"},"query-input":{"@type":"PropertyValueSpecification","valueRequired":true,"valueName":"search_term_string"}}],"inLanguage":"fr-FR"},{"@type":"Person","@id":"https:\/\/durabilitas.ch\/fr\/#\/schema\/person\/a59e0eb7e6593c7031b6d27dcfdbb67c","name":"Heidi Schmidt","image":{"@type":"ImageObject","inLanguage":"fr-FR","@id":"https:\/\/secure.gravatar.com\/avatar\/4f5dd5e1a10fe8bc6a4fb0c7e6fc6374a43b828756778dd8df4915466e3f1b7e?s=96&d=mm&r=g","url":"https:\/\/secure.gravatar.com\/avatar\/4f5dd5e1a10fe8bc6a4fb0c7e6fc6374a43b828756778dd8df4915466e3f1b7e?s=96&d=mm&r=g","contentUrl":"https:\/\/secure.gravatar.com\/avatar\/4f5dd5e1a10fe8bc6a4fb0c7e6fc6374a43b828756778dd8df4915466e3f1b7e?s=96&d=mm&r=g","caption":"Heidi Schmidt"},"sameAs":["https:\/\/www.sanudurabilitas.ch\/"],"url":"https:\/\/durabilitas.ch\/fr\/author\/heidi_schmidt\/"}]}},"_links":{"self":[{"href":"https:\/\/durabilitas.ch\/fr\/wp-json\/wp\/v2\/posts\/1348","targetHints":{"allow":["GET"]}}],"collection":[{"href":"https:\/\/durabilitas.ch\/fr\/wp-json\/wp\/v2\/posts"}],"about":[{"href":"https:\/\/durabilitas.ch\/fr\/wp-json\/wp\/v2\/types\/post"}],"author":[{"embeddable":true,"href":"https:\/\/durabilitas.ch\/fr\/wp-json\/wp\/v2\/users\/3"}],"replies":[{"embeddable":true,"href":"https:\/\/durabilitas.ch\/fr\/wp-json\/wp\/v2\/comments?post=1348"}],"version-history":[{"count":3,"href":"https:\/\/durabilitas.ch\/fr\/wp-json\/wp\/v2\/posts\/1348\/revisions"}],"predecessor-version":[{"id":4525,"href":"https:\/\/durabilitas.ch\/fr\/wp-json\/wp\/v2\/posts\/1348\/revisions\/4525"}],"wp:featuredmedia":[{"embeddable":true,"href":"https:\/\/durabilitas.ch\/fr\/wp-json\/wp\/v2\/media\/1050"}],"wp:attachment":[{"href":"https:\/\/durabilitas.ch\/fr\/wp-json\/wp\/v2\/media?parent=1348"}],"wp:term":[{"taxonomy":"category","embeddable":true,"href":"https:\/\/durabilitas.ch\/fr\/wp-json\/wp\/v2\/categories?post=1348"},{"taxonomy":"post_tag","embeddable":true,"href":"https:\/\/durabilitas.ch\/fr\/wp-json\/wp\/v2\/tags?post=1348"}],"curies":[{"name":"wp","href":"https:\/\/api.w.org\/{rel}","templated":true}]}}